{"status":true,"post":{"id":22054,"user_id":7,"status":1,"type":1,"orde":null,"notification_type":3,"static_post":0,"published_at":"2022-10-24 14:14:39","created_at":"2020-05-07T21:00:00.000000Z","updated_at":"2022-10-24T11:14:39.000000Z","edited_at":"2024-12-17 22:35:21","source_id":null,"post_id":22054,"is_featured":0,"title":"\u00dccretsiz izin uygulamas\u0131","slider_title":null,"slider_title_2":null,"slider_spot_title":null,"slider_spot_title_2":null,"home_title":null,"sub_title":null,"category_id":73,"description":null,"content":"  \t\t\t\t\t  \t\t\t\t\t<p><span class=\"large\"><strong><img style=\"\" src=\"\/Archive\/Content\/1220202212465863a1aec26964c22153.webp\" alt=\"\" width=\"\" height=\"\" class=\"contentImg\">Koronavir\u00fcs\u00fcn etkileriyle ba\u015fa \u00e7\u0131kabilmek i\u00e7in 300 bini a\u015fk\u0131n firma k\u0131sa \u00e7al\u0131\u015fma uygulamas\u0131na ba\u015fvurdu. Uygulamadan 3 milyon 200 bini a\u015fk\u0131n \u00e7al\u0131\u015fan faydalanacak. \u015eartlar\u0131 ta\u015f\u0131mayan \u00e7al\u0131\u015fanlar i\u00e7in ise bir di\u011fer se\u00e7enek \u00fccretsiz izin. Bu d\u00f6nemde 3 ay nakdi destek veriliyor. <\/strong><\/span><\/p>  <p><span class=\"large\"><strong>\u0130sa Karaka\u015f<\/strong><\/span><br><span class=\"large\"> <\/span><\/p>  <p><span class=\"large\">COVID-19, t\u00fcm d\u00fcnyada oldu\u011fu gibi \u00fclkemizde de \u00e7ok say\u0131da firmay\u0131 derinden sarst\u0131. Salg\u0131n\u0131n etkileriyle ba\u015f etmek i\u00e7in 300 bini a\u015fk\u0131n firma k\u0131sa \u00e7al\u0131\u015fma uygulamas\u0131 yoluna ba\u015fvurdu. <\/span><\/p>  <p><span class=\"large\">K\u0131sa \u00c7al\u0131\u015fma \u00d6dene\u011fi\u2019nden (K\u00c7\u00d6) 3 milyon 200 bini a\u015fk\u0131n i\u015f\u00e7i faydalanacak. Ancak b\u00fct\u00fcn i\u015f\u00e7iler k\u0131sa \u00e7al\u0131\u015fmadan faydalanacak kadar \u015fansl\u0131 de\u011fil. Zira i\u015f\u00e7ilerin K\u0131sa \u00c7al\u0131\u015fma \u00d6dene\u011fi\u2019nden yararlanabilmesi i\u00e7in k\u0131sa \u00e7al\u0131\u015fman\u0131n ba\u015flad\u0131\u011f\u0131 tarih itibar\u0131yla son 60 g\u00fcn hizmet akdine tabi olmas\u0131 ve son 3 y\u0131lda en az 450 g\u00fcn s\u00fcreyle prim \u00f6deme \u015fartlar\u0131n\u0131 ta\u015f\u0131mas\u0131 gerekiyor.<\/span><\/p>  <p><span class=\"large\"><strong>\u0130LK SE\u00c7ENEK KISA \u00c7ALI\u015eMA<\/strong><\/span><\/p>  <p><span class=\"large\">\u0130\u015fverenlerin do\u011frudan do\u011fruya \u00fccretsiz izin uygulamas\u0131na gitmesi her y\u00f6nden \u00e7al\u0131\u015fanlar\u0131n aleyhine oluyor. Yap\u0131lmas\u0131 gereken, \u00f6ncelikle k\u0131sa \u00e7al\u0131\u015fma se\u00e7ene\u011fidir.<\/span><br><span class=\"large\"> K\u0131sa \u00c7al\u0131\u015fma \u00d6dene\u011fi i\u00e7in \u015fartlar\u0131 tutmayan i\u015f\u00e7ilerin ise gerekmesi halinde i\u015ften \u00e7\u0131karmak yerine \u00fccretsiz izin yoluna ba\u015fvurulmas\u0131 daha isabetli olacak.<\/span><br><span class=\"large\"> Keza T\u00fcrkiye \u0130\u015f Kurumu taraf\u0131ndan i\u015f\u00e7ilere \u00f6denecek K\u0131sa \u00c7al\u0131\u015fma \u00d6dene\u011fi tutar\u0131; sigortal\u0131n\u0131n son 12 ayl\u0131k prime esas kazan\u00e7lar\u0131 dikkate al\u0131narak hesaplanan g\u00fcnl\u00fck ortalama br\u00fct kazanc\u0131n\u0131n y\u00fczde 60\u2019\u0131 olarak belirleniyor.<\/span><\/p>  <p><span class=\"large\"><strong>BR\u00dcT TUTARIN Y\u00dcZDE 150\u2019S\u0130<\/strong><\/span><\/p>  <p><span class=\"large\">Bu \u015fekilde hesaplanan K\u0131sa \u00c7al\u0131\u015fma \u00d6dene\u011fi tutar\u0131, ayl\u0131k asgari \u00fccretin br\u00fct tutar\u0131n\u0131n y\u00fczde 150\u2019sini ge\u00e7emez. Bu kapsamda, i\u015f\u00e7ilerin \u00e7al\u0131\u015fmad\u0131klar\u0131 g\u00fcnler i\u00e7in \u00f6deme yap\u0131lacak olup, tamamen faaliyetin durdurulmas\u0131 halinde yap\u0131lan \u00f6demeler her hal\u00fckarda \u00fcst s\u0131n\u0131r olan 4.380,99 TL\u2019yi a\u015fam\u0131yor. <\/span><\/p>  <p><span class=\"large\">Bu durumda \u00f6denecek en d\u00fc\u015f\u00fck K\u0131sa \u00c7al\u0131\u015fma \u00d6dene\u011fi en az 1.765 TL, en y\u00fcksek 3.381 TL\u2019dir. \u00dccretsiz izin deste\u011fi ise azami 1.177 TL\u2019dir. <\/span><\/p>  <p><span class=\"large\">K\u0131sa \u00c7al\u0131\u015fma \u00d6dene\u011fi \u015fartlar\u0131 bulundu\u011fu halde \u00fccretsiz izin yoluna ba\u015fvurulmas\u0131 durumunda i\u015f\u00e7inin en az yakla\u015f\u0131k 600 TL kayb\u0131 olacak. \u0130\u015f\u00e7inin \u00fccretlerinin y\u00fcksek olmas\u0131 halinde ise bu kay\u0131p 3.200 TL\u2019yi a\u015facak.<\/span><\/p>  <p><span class=\"large\"><strong><img style=\"\" src=\"\/Archive\/Content\/1220202212465863a1aec279a3e22153.webp\" alt=\"\" width=\"\" height=\"\" class=\"contentImg\">\u00dcCRETS\u0130Z \u0130Z\u0130NDE NAKD\u0130 \u00dcCRET DESTE\u011e\u0130 <\/strong><\/span><\/p>  <p><span class=\"large\">Koronavir\u00fcs Salg\u0131n\u0131n\u0131n Ekonomik ve Sosyal Hayata Etkilerinin Azalt\u0131lmas\u0131 Hakk\u0131nda Kanun \u0130le Baz\u0131 Kanunlarda De\u011fi\u015fiklik Yap\u0131lmas\u0131na Dair Kanun (Torba Yasa), 17 Nisan 2020\u2019de y\u00fcr\u00fcrl\u00fc\u011fe girdi. <\/span><\/p>  <p><span class=\"large\">Buna g\u00f6re \u00fccretsiz izine ayr\u0131lan i\u015f\u00e7ilerin nakdi \u00fccret deste\u011finden yararlanabilmesi i\u00e7in \u00fccretsiz izne ayr\u0131lan i\u015f\u00e7ilere ili\u015fkin ayl\u0131k bildirimler, <a href=\"https:\/\/uyg.sgk.gov.tr\/IsverenSistemi\" target=\"_blank\">https:\/\/uyg.sgk.gov.tr\/IsverenSistemi<\/a> internet adresinden \u00fccretsiz iznin verildi\u011fi ay\u0131 takip eden ay\u0131n 3\u2019\u00fcne kadar i\u015fverenlerce yap\u0131lmas\u0131 gerekiyor.<\/span><\/p>  <p><span class=\"large\">Bu \u015fekilde bildirimi yap\u0131lan i\u015f\u00e7iler i\u00e7in ilgili aya ait Ayl\u0131k Prim ve Hizmet Belgelerinde\/Muhtasar ve Prim Hizmet Beyannamelerinde eksik g\u00fcn nedeninin, \u201828-Pandemi \u00dccretsiz \u0130zin\u2019 olarak se\u00e7ilmesi gerekiyor.<\/span><\/p>  <p><span class=\"large\">Ev hizmetlerinde ay i\u00e7erisinde 10 g\u00fcnden fazla sigortal\u0131 \u00e7al\u0131\u015ft\u0131ranlar\u0131n ise bu durum de\u011fi\u015fikli\u011fini, \u00fccretsiz iznin verildi\u011fi ay\u0131n sonuna kadar ayn\u0131 eksik g\u00fcn koduyla Sosyal G\u00fcvenlik \u0130l M\u00fcd\u00fcrl\u00fcklerine\/Sosyal G\u00fcvenlik Merkezlerine bildirmeleri gerekiyor. <\/span><br><span class=\"large\"> \u0130\u015f\u00e7i \u00e7\u0131karma yasa\u011f\u0131 kapsam\u0131nda verilen \u00fccretsiz izin bilgilerine ili\u015fkin i\u015fverenler taraf\u0131ndan yap\u0131lan ba\u015fvuru ve g\u00fcncelleme i\u015flemleri, \u00fccretsiz iznin uyguland\u0131\u011f\u0131 ay\u0131 takip eden ay\u0131n sonuna kadar SGK\u2019ya bildiriliyor.<\/span><\/p>  <p><span class=\"large\"><strong>3 AY VER\u0130LECEK<\/strong><\/span><\/p>  <p><span class=\"large\">K\u0131sa \u00c7al\u0131\u015fma \u00d6dene\u011fi\u2019ne hak kazanamayanlar i\u00e7in Ayl\u0131k Prim ve Hizmet Belgelerinde\/Muhtasar ve Prim Hizmet Beyannamelerinde bildirilmi\u015f olan \u201818-K\u0131sa \u00c7al\u0131\u015fma \u00d6dene\u011fi\u2019 gerek\u00e7esinin \u201828-Pandemi \u00dccretsiz \u0130zin\u2019 olarak g\u00fcncellenmesi ve i\u015fverenler taraf\u0131ndan \u00fccretsiz izin ba\u015fvurusunda bulunulmas\u0131 gerekiyor.<\/span><\/p>  <p><span class=\"large\">Nakdi \u00fccret deste\u011fi; \u00fccretsiz izne ayr\u0131lanlar ile K\u00c7\u00d6\u2019den faydalanamayanlar i\u00e7in 17 Nisan 2020-17 Temmuz 2020 tarihleri aras\u0131nda \u00fccretsiz izinli olunan s\u00fcreleri kaps\u0131yor. Cumhurba\u015fkan\u0131 taraf\u0131ndan i\u015f\u00e7i \u00e7\u0131karma yasa\u011f\u0131 s\u00fcrenin uzat\u0131lmas\u0131 halinde nakdi \u00fccret deste\u011fi de ayn\u0131 s\u00fcre i\u00e7in uzat\u0131lacak.<\/span><\/p>  <p><span class=\"large\">15 Mart 2020 tarihinden sonra i\u015f s\u00f6zle\u015fmesi feshedilen ve i\u015fsizlik \u00f6dene\u011finden yararlanamayan i\u015f\u00e7iler i\u00e7in nakdi \u00fccret deste\u011finin s\u00fcresi de 17 Nisan 2020-17 Temmuz 2020 tarihleri aras\u0131nda i\u015fsiz olarak ge\u00e7en s\u00fcrelerle s\u0131n\u0131rl\u0131 bulunuyor. <\/span><br><span class=\"large\"> Bu destek tutar\u0131 (damga vergisi hari\u00e7) g\u00fcnl\u00fck 39,24 TL, ayl\u0131k 1.177 TL\u2019dir.<\/span><\/p>  <p><span class=\"large\">17 Nisan 2020 tarihinden sonra \u00fccretsiz izne ayr\u0131lmas\u0131na ra\u011fmen Ayl\u0131k Prim ve Hizmet Belgelerinde\/Muhtasar ve Prim Hizmet Beyannamelerinde \u201828-Pandemi \u00dccretsiz \u0130zin\u2019 eksik g\u00fcn nedeni yerine yanl\u0131\u015fl\u0131kla ba\u015fka bir koddan bildirim yapanlar\u0131n, eksik g\u00fcn kodunun de\u011fi\u015ftirilmesi i\u00e7in SGK\u2019n\u0131n ilgili il m\u00fcd\u00fcrl\u00fc\u011f\u00fc\/sosyal g\u00fcvenlik merkezine ba\u015fvurmalar\u0131 gerekiyor. <\/span><\/p>  <p><span class=\"large\">Nakdi destek \u00f6demeleri i\u00e7in i\u015fverenlerin \u00e7al\u0131\u015fanlar\u0131n\u0131 SGK\u2019ya 01, 04, 05, 06, 12, 14, 20, 29, 32, 35, 39, 52, 53, 54 veya 55 no\u2019lu belge t\u00fcrlerinden bildirilmi\u015f olmas\u0131, ayr\u0131ca ilgili ayda i\u015f\u00e7inin \u00fccretsiz izne ayr\u0131ld\u0131\u011f\u0131 g\u00fcn say\u0131s\u0131n\u0131, i\u015f\u00e7inin T.C. kimlik numaras\u0131n\u0131, i\u015f\u00e7inin IBAN numaras\u0131n\u0131 ve cep telefonu bilgilerini SGK ba\u015fvuru ekran\u0131 \u00fczerinden bildirmesi gerekiyor.<\/span><\/p>  <p><span class=\"large\">Nakdi \u00fccret deste\u011finden faydalananlar\u0131n, ayr\u0131ca kendileri ve bakmakla y\u00fck\u00fcml\u00fc olduklar\u0131 ki\u015filer genel sa\u011fl\u0131k sigortas\u0131ndan yararlanabilecek.<\/span><\/p>  \t\t\t\t","slug":"ucretsiz-izin-uygulamasi","tags":"K\u00f6\u015fe Yaz\u0131s\u0131","meta_title":"\u00dccretsiz izin uygulamas\u0131","meta_description":"\u0130sa Karaka\u015f","meta_keywords":"K\u00f6\u015fe Yaz\u0131s\u0131","news_cover_min":null,"news_cover":null,"news_video_min":null,"news_video":null,"view_count":897,"cropped_1200x675":null,"user":{"id":7,"name":"\u0130SA","surname":"KARAKA\u015e","email":"igurmen@yandex.com.tr","slug":"isa-karakas","avatar":"\/front\/uploads\/avatar\/1733691600UsNll1YpnmquGG1.webp","status":1,"role":1,"email_verified_at":null,"orde":null,"created_at":"2022-09-15T09:39:41.000000Z","updated_at":"2024-12-18T10:20:38.000000Z","seo_title":null,"seo_description":null},"translations":[{"id":22153,"is_featured":0,"is_amp":0,"is_ads":0,"ads_link":null,"post_id":22054,"locale":"tr","category_id":73,"title":"\u00dccretsiz izin uygulamas\u0131","home_title":null,"sub_title":null,"slider_title":null,"slider_title_2":null,"slider_spot_title":null,"slider_spot_title_2":null,"subtitleuse":0,"description":null,"content":"  \t\t\t\t\t  \t\t\t\t\t<p><span class=\"large\"><strong><img style=\"\" src=\"\/Archive\/Content\/1220202212465863a1aec26964c22153.webp\" alt=\"\" width=\"\" height=\"\" class=\"contentImg\">Koronavir\u00fcs\u00fcn etkileriyle ba\u015fa \u00e7\u0131kabilmek i\u00e7in 300 bini a\u015fk\u0131n firma k\u0131sa \u00e7al\u0131\u015fma uygulamas\u0131na ba\u015fvurdu. Uygulamadan 3 milyon 200 bini a\u015fk\u0131n \u00e7al\u0131\u015fan faydalanacak. \u015eartlar\u0131 ta\u015f\u0131mayan \u00e7al\u0131\u015fanlar i\u00e7in ise bir di\u011fer se\u00e7enek \u00fccretsiz izin. Bu d\u00f6nemde 3 ay nakdi destek veriliyor. <\/strong><\/span><\/p>  <p><span class=\"large\"><strong>\u0130sa Karaka\u015f<\/strong><\/span><br><span class=\"large\"> <\/span><\/p>  <p><span class=\"large\">COVID-19, t\u00fcm d\u00fcnyada oldu\u011fu gibi \u00fclkemizde de \u00e7ok say\u0131da firmay\u0131 derinden sarst\u0131. Salg\u0131n\u0131n etkileriyle ba\u015f etmek i\u00e7in 300 bini a\u015fk\u0131n firma k\u0131sa \u00e7al\u0131\u015fma uygulamas\u0131 yoluna ba\u015fvurdu. <\/span><\/p>  <p><span class=\"large\">K\u0131sa \u00c7al\u0131\u015fma \u00d6dene\u011fi\u2019nden (K\u00c7\u00d6) 3 milyon 200 bini a\u015fk\u0131n i\u015f\u00e7i faydalanacak. Ancak b\u00fct\u00fcn i\u015f\u00e7iler k\u0131sa \u00e7al\u0131\u015fmadan faydalanacak kadar \u015fansl\u0131 de\u011fil. Zira i\u015f\u00e7ilerin K\u0131sa \u00c7al\u0131\u015fma \u00d6dene\u011fi\u2019nden yararlanabilmesi i\u00e7in k\u0131sa \u00e7al\u0131\u015fman\u0131n ba\u015flad\u0131\u011f\u0131 tarih itibar\u0131yla son 60 g\u00fcn hizmet akdine tabi olmas\u0131 ve son 3 y\u0131lda en az 450 g\u00fcn s\u00fcreyle prim \u00f6deme \u015fartlar\u0131n\u0131 ta\u015f\u0131mas\u0131 gerekiyor.<\/span><\/p>  <p><span class=\"large\"><strong>\u0130LK SE\u00c7ENEK KISA \u00c7ALI\u015eMA<\/strong><\/span><\/p>  <p><span class=\"large\">\u0130\u015fverenlerin do\u011frudan do\u011fruya \u00fccretsiz izin uygulamas\u0131na gitmesi her y\u00f6nden \u00e7al\u0131\u015fanlar\u0131n aleyhine oluyor. Yap\u0131lmas\u0131 gereken, \u00f6ncelikle k\u0131sa \u00e7al\u0131\u015fma se\u00e7ene\u011fidir.<\/span><br><span class=\"large\"> K\u0131sa \u00c7al\u0131\u015fma \u00d6dene\u011fi i\u00e7in \u015fartlar\u0131 tutmayan i\u015f\u00e7ilerin ise gerekmesi halinde i\u015ften \u00e7\u0131karmak yerine \u00fccretsiz izin yoluna ba\u015fvurulmas\u0131 daha isabetli olacak.<\/span><br><span class=\"large\"> Keza T\u00fcrkiye \u0130\u015f Kurumu taraf\u0131ndan i\u015f\u00e7ilere \u00f6denecek K\u0131sa \u00c7al\u0131\u015fma \u00d6dene\u011fi tutar\u0131; sigortal\u0131n\u0131n son 12 ayl\u0131k prime esas kazan\u00e7lar\u0131 dikkate al\u0131narak hesaplanan g\u00fcnl\u00fck ortalama br\u00fct kazanc\u0131n\u0131n y\u00fczde 60\u2019\u0131 olarak belirleniyor.<\/span><\/p>  <p><span class=\"large\"><strong>BR\u00dcT TUTARIN Y\u00dcZDE 150\u2019S\u0130<\/strong><\/span><\/p>  <p><span class=\"large\">Bu \u015fekilde hesaplanan K\u0131sa \u00c7al\u0131\u015fma \u00d6dene\u011fi tutar\u0131, ayl\u0131k asgari \u00fccretin br\u00fct tutar\u0131n\u0131n y\u00fczde 150\u2019sini ge\u00e7emez. Bu kapsamda, i\u015f\u00e7ilerin \u00e7al\u0131\u015fmad\u0131klar\u0131 g\u00fcnler i\u00e7in \u00f6deme yap\u0131lacak olup, tamamen faaliyetin durdurulmas\u0131 halinde yap\u0131lan \u00f6demeler her hal\u00fckarda \u00fcst s\u0131n\u0131r olan 4.380,99 TL\u2019yi a\u015fam\u0131yor. <\/span><\/p>  <p><span class=\"large\">Bu durumda \u00f6denecek en d\u00fc\u015f\u00fck K\u0131sa \u00c7al\u0131\u015fma \u00d6dene\u011fi en az 1.765 TL, en y\u00fcksek 3.381 TL\u2019dir. \u00dccretsiz izin deste\u011fi ise azami 1.177 TL\u2019dir. <\/span><\/p>  <p><span class=\"large\">K\u0131sa \u00c7al\u0131\u015fma \u00d6dene\u011fi \u015fartlar\u0131 bulundu\u011fu halde \u00fccretsiz izin yoluna ba\u015fvurulmas\u0131 durumunda i\u015f\u00e7inin en az yakla\u015f\u0131k 600 TL kayb\u0131 olacak. \u0130\u015f\u00e7inin \u00fccretlerinin y\u00fcksek olmas\u0131 halinde ise bu kay\u0131p 3.200 TL\u2019yi a\u015facak.<\/span><\/p>  <p><span class=\"large\"><strong><img style=\"\" src=\"\/Archive\/Content\/1220202212465863a1aec279a3e22153.webp\" alt=\"\" width=\"\" height=\"\" class=\"contentImg\">\u00dcCRETS\u0130Z \u0130Z\u0130NDE NAKD\u0130 \u00dcCRET DESTE\u011e\u0130 <\/strong><\/span><\/p>  <p><span class=\"large\">Koronavir\u00fcs Salg\u0131n\u0131n\u0131n Ekonomik ve Sosyal Hayata Etkilerinin Azalt\u0131lmas\u0131 Hakk\u0131nda Kanun \u0130le Baz\u0131 Kanunlarda De\u011fi\u015fiklik Yap\u0131lmas\u0131na Dair Kanun (Torba Yasa), 17 Nisan 2020\u2019de y\u00fcr\u00fcrl\u00fc\u011fe girdi. <\/span><\/p>  <p><span class=\"large\">Buna g\u00f6re \u00fccretsiz izine ayr\u0131lan i\u015f\u00e7ilerin nakdi \u00fccret deste\u011finden yararlanabilmesi i\u00e7in \u00fccretsiz izne ayr\u0131lan i\u015f\u00e7ilere ili\u015fkin ayl\u0131k bildirimler, <a href=\"https:\/\/uyg.sgk.gov.tr\/IsverenSistemi\" target=\"_blank\">https:\/\/uyg.sgk.gov.tr\/IsverenSistemi<\/a> internet adresinden \u00fccretsiz iznin verildi\u011fi ay\u0131 takip eden ay\u0131n 3\u2019\u00fcne kadar i\u015fverenlerce yap\u0131lmas\u0131 gerekiyor.<\/span><\/p>  <p><span class=\"large\">Bu \u015fekilde bildirimi yap\u0131lan i\u015f\u00e7iler i\u00e7in ilgili aya ait Ayl\u0131k Prim ve Hizmet Belgelerinde\/Muhtasar ve Prim Hizmet Beyannamelerinde eksik g\u00fcn nedeninin, \u201828-Pandemi \u00dccretsiz \u0130zin\u2019 olarak se\u00e7ilmesi gerekiyor.<\/span><\/p>  <p><span class=\"large\">Ev hizmetlerinde ay i\u00e7erisinde 10 g\u00fcnden fazla sigortal\u0131 \u00e7al\u0131\u015ft\u0131ranlar\u0131n ise bu durum de\u011fi\u015fikli\u011fini, \u00fccretsiz iznin verildi\u011fi ay\u0131n sonuna kadar ayn\u0131 eksik g\u00fcn koduyla Sosyal G\u00fcvenlik \u0130l M\u00fcd\u00fcrl\u00fcklerine\/Sosyal G\u00fcvenlik Merkezlerine bildirmeleri gerekiyor. <\/span><br><span class=\"large\"> \u0130\u015f\u00e7i \u00e7\u0131karma yasa\u011f\u0131 kapsam\u0131nda verilen \u00fccretsiz izin bilgilerine ili\u015fkin i\u015fverenler taraf\u0131ndan yap\u0131lan ba\u015fvuru ve g\u00fcncelleme i\u015flemleri, \u00fccretsiz iznin uyguland\u0131\u011f\u0131 ay\u0131 takip eden ay\u0131n sonuna kadar SGK\u2019ya bildiriliyor.<\/span><\/p>  <p><span class=\"large\"><strong>3 AY VER\u0130LECEK<\/strong><\/span><\/p>  <p><span class=\"large\">K\u0131sa \u00c7al\u0131\u015fma \u00d6dene\u011fi\u2019ne hak kazanamayanlar i\u00e7in Ayl\u0131k Prim ve Hizmet Belgelerinde\/Muhtasar ve Prim Hizmet Beyannamelerinde bildirilmi\u015f olan \u201818-K\u0131sa \u00c7al\u0131\u015fma \u00d6dene\u011fi\u2019 gerek\u00e7esinin \u201828-Pandemi \u00dccretsiz \u0130zin\u2019 olarak g\u00fcncellenmesi ve i\u015fverenler taraf\u0131ndan \u00fccretsiz izin ba\u015fvurusunda bulunulmas\u0131 gerekiyor.<\/span><\/p>  <p><span class=\"large\">Nakdi \u00fccret deste\u011fi; \u00fccretsiz izne ayr\u0131lanlar ile K\u00c7\u00d6\u2019den faydalanamayanlar i\u00e7in 17 Nisan 2020-17 Temmuz 2020 tarihleri aras\u0131nda \u00fccretsiz izinli olunan s\u00fcreleri kaps\u0131yor. Cumhurba\u015fkan\u0131 taraf\u0131ndan i\u015f\u00e7i \u00e7\u0131karma yasa\u011f\u0131 s\u00fcrenin uzat\u0131lmas\u0131 halinde nakdi \u00fccret deste\u011fi de ayn\u0131 s\u00fcre i\u00e7in uzat\u0131lacak.<\/span><\/p>  <p><span class=\"large\">15 Mart 2020 tarihinden sonra i\u015f s\u00f6zle\u015fmesi feshedilen ve i\u015fsizlik \u00f6dene\u011finden yararlanamayan i\u015f\u00e7iler i\u00e7in nakdi \u00fccret deste\u011finin s\u00fcresi de 17 Nisan 2020-17 Temmuz 2020 tarihleri aras\u0131nda i\u015fsiz olarak ge\u00e7en s\u00fcrelerle s\u0131n\u0131rl\u0131 bulunuyor. <\/span><br><span class=\"large\"> Bu destek tutar\u0131 (damga vergisi hari\u00e7) g\u00fcnl\u00fck 39,24 TL, ayl\u0131k 1.177 TL\u2019dir.<\/span><\/p>  <p><span class=\"large\">17 Nisan 2020 tarihinden sonra \u00fccretsiz izne ayr\u0131lmas\u0131na ra\u011fmen Ayl\u0131k Prim ve Hizmet Belgelerinde\/Muhtasar ve Prim Hizmet Beyannamelerinde \u201828-Pandemi \u00dccretsiz \u0130zin\u2019 eksik g\u00fcn nedeni yerine yanl\u0131\u015fl\u0131kla ba\u015fka bir koddan bildirim yapanlar\u0131n, eksik g\u00fcn kodunun de\u011fi\u015ftirilmesi i\u00e7in SGK\u2019n\u0131n ilgili il m\u00fcd\u00fcrl\u00fc\u011f\u00fc\/sosyal g\u00fcvenlik merkezine ba\u015fvurmalar\u0131 gerekiyor. <\/span><\/p>  <p><span class=\"large\">Nakdi destek \u00f6demeleri i\u00e7in i\u015fverenlerin \u00e7al\u0131\u015fanlar\u0131n\u0131 SGK\u2019ya 01, 04, 05, 06, 12, 14, 20, 29, 32, 35, 39, 52, 53, 54 veya 55 no\u2019lu belge t\u00fcrlerinden bildirilmi\u015f olmas\u0131, ayr\u0131ca ilgili ayda i\u015f\u00e7inin \u00fccretsiz izne ayr\u0131ld\u0131\u011f\u0131 g\u00fcn say\u0131s\u0131n\u0131, i\u015f\u00e7inin T.C. kimlik numaras\u0131n\u0131, i\u015f\u00e7inin IBAN numaras\u0131n\u0131 ve cep telefonu bilgilerini SGK ba\u015fvuru ekran\u0131 \u00fczerinden bildirmesi gerekiyor.<\/span><\/p>  <p><span class=\"large\">Nakdi \u00fccret deste\u011finden faydalananlar\u0131n, ayr\u0131ca kendileri ve bakmakla y\u00fck\u00fcml\u00fc olduklar\u0131 ki\u015filer genel sa\u011fl\u0131k sigortas\u0131ndan yararlanabilecek.<\/span><\/p>  \t\t\t\t","slug":"ucretsiz-izin-uygulamasi","orjinalimage":null,"news_cover_min":null,"news_cover":null,"news_video_min":null,"news_video":null,"cropped_638x552":null,"cropped_310x208":null,"cropped_416x247":null,"cropped_197x247":null,"cropped_416x600":null,"cropped_1200x675":null,"tags":"K\u00f6\u015fe Yaz\u0131s\u0131","meta_title":"\u00dccretsiz izin uygulamas\u0131","meta_description":"\u0130sa Karaka\u015f","meta_keywords":"K\u00f6\u015fe Yaz\u0131s\u0131","view_count":897,"yt":0,"ytid":"","ytimage":null,"imgdate":"2000-01-01 00:00:00","cuff_cover":null,"cropped_358x214":null,"cropped_842x474":null}]}}