{"status":true,"post":{"id":23743,"user_id":2,"status":1,"type":1,"orde":null,"notification_type":3,"static_post":0,"published_at":"2022-10-24 14:32:42","created_at":"2020-12-03T21:00:00.000000Z","updated_at":"2022-10-24T11:32:42.000000Z","edited_at":"2024-12-17 22:35:21","source_id":null,"post_id":23743,"is_featured":0,"title":"Trump\u2019\u0131n yerine Biden\u2019\u0131n se\u00e7ilmesi \u00c7in\u2019i rahatlat\u0131r m\u0131?","slider_title":null,"slider_title_2":null,"slider_spot_title":null,"slider_spot_title_2":null,"home_title":null,"sub_title":null,"category_id":73,"description":null,"content":"  \t\t\t\t\t  \t\t\t\t\t<p style=\"text-align: right;\"><span class=\"large\"><strong>FAT\u0130H OKTAY<\/strong><\/span><br><span class=\"large\"> <strong><\/strong><\/span><\/p>  <p><span class=\"large\">Ba\u015fl\u0131ktaki sorunun cevab\u0131n\u0131 hemen ba\u015ftan vereyim: Hay\u0131r, b\u00fcy\u00fck olas\u0131l\u0131kla tersi olur. Her \u015feyden \u00f6nce belirtmek gerekir ki, ABD ile \u00c7in aras\u0131ndaki \u00e7eki\u015fme Trump ile ba\u015flamad\u0131, onunla da bitmeyecek. \u0130ki \u00fclke aras\u0131ndaki gerginlik, 2008 k\u00fcresel krizi ard\u0131ndan ba\u015flad\u0131. \u00c7in ekonomisi o krizde, \u00fclke y\u00f6netiminin devreye soktu\u011fu b\u00fcy\u00fck bir ekonomiyi canland\u0131rma program\u0131n\u0131n katk\u0131s\u0131yla y\u00fcksek h\u0131zlarda b\u00fcy\u00fcmeyi s\u00fcrd\u00fcrd\u00fc. Buna kar\u015f\u0131n ABD ve di\u011fer bat\u0131l\u0131 ekonomiler uzun s\u00fcre bu krizin etkisinde kald\u0131. Bu nedenle \u00c7in ekonomisi ile ABD ekonomisi aras\u0131ndaki b\u00fcy\u00fckl\u00fck fark\u0131nda \u00f6nemli daralma oldu. Bu d\u00f6nemde \u00c7in, \u2018d\u00fcnyan\u0131n en b\u00fcy\u00fck ihracat\u00e7\u0131s\u0131\u2019, \u2018d\u00fcnyan\u0131n en b\u00fcy\u00fck imalat sanayine sahip \u00fclkesi\u2019, \u2018d\u00fcnyan\u0131n en b\u00fcy\u00fck otomobil sanayine sahip \u00fclke\u2019 gibi bir\u00e7ok unvan\u0131 ABD\u2019den ald\u0131. \u00d6te yandan kriz, \u00c7in\u2019de ABD bat\u0131l\u0131 ekonomik ve politik modellerin sorgulanmas\u0131na yol a\u00e7t\u0131. \u00c7in\u2019de neredeyse tart\u0131\u015fmas\u0131z olarak etkinli\u011fi kabul edilen ABD finansal sisteminin sorunlar\u0131n\u0131n ortaya sa\u00e7\u0131lmas\u0131, krize m\u00fcdahale ve krizden \u00e7\u0131kma konusundaki ba\u015far\u0131s\u0131zl\u0131klar, \u00c7in\u2019de bat\u0131 modeli ile ilgili g\u00f6r\u00fc\u015fleri de\u011fi\u015ftirdi\u011fi gibi \u00fclke y\u00f6netimindeki bat\u0131 modeline yak\u0131n duranlar\u0131n da elini zay\u0131flatt\u0131.<\/span><br><span class=\"large\"><\/span><br><span class=\"large\"> \u00c7in modelinin mi, ABD modelinin mi daha \u00fcst\u00fcn oldu\u011fu tart\u0131\u015f\u0131l\u0131r oldu. Bu ortamda Obama ba\u015fkanl\u0131\u011f\u0131ndaki ABD y\u00f6netimi \u00c7in\u2019i bir rakip olarak g\u00f6rmeye, \u00c7in de uluslararas\u0131 politikas\u0131nda dikle\u015fmeye ba\u015flad\u0131.<\/span><br><span class=\"large\"><\/span><br><span class=\"large\"> <strong>PAS\u0130F\u0130K\u2019\u0130N \u00d6TEK\u0130 YAKASI \u0130LE \u0130\u015eB\u0130RL\u0130\u011e\u0130<\/strong><\/span><br><span class=\"large\"><\/span><br><span class=\"large\"> Ge\u00e7en yaz\u0131da s\u00f6z\u00fcn\u00fc etti\u011fimiz Trans Pasifik Ortakl\u0131\u011f\u0131 anla\u015fmas\u0131, Obama y\u00f6netiminin \u00c7in\u2019in ekonomik ve politik olarak g\u00fc\u00e7lenmesini kontrol alt\u0131na almak i\u00e7in ortaya koydu\u011fu bir giri\u015fimdi. Obama, anla\u015fman\u0131n gerek\u00e7esini ABD kamuoyuna a\u00e7\u0131klamak i\u00e7in s\u00f6yle diyordu: \u201c\u2026 yeni y\u00fczy\u0131lda ekonominin kurallar\u0131n\u0131 yazan\u0131n \u00c7in de\u011fil, ABD olmas\u0131n\u0131 sa\u011flamal\u0131y\u0131z\u2026\u201d \u00d6te yandan, Obama y\u00f6netimi d\u00f6neminde \u00c7in\u2019e yakla\u015f\u0131m askeri alanda da de\u011fi\u015fti. Bu de\u011fi\u015fim Asya\u2019ya Do\u011fru D\u00f6n\u00fc\u015f olarak adland\u0131r\u0131lan program ile ortaya konuldu. Buna g\u00f6re ABD kaynaklar\u0131n\u0131 ve dikkatini uzun zamand\u0131r odaklad\u0131\u011f\u0131 Irak ve Afganistan\u2019dan Asya-Pasifik b\u00f6lgesine \u00e7eviriyordu, b\u00f6lgeye diplomatik, ekonomik, stratejik, her t\u00fcr yat\u0131r\u0131m\u0131n\u0131 artt\u0131racakt\u0131. ABD, \u0130kinci D\u00fcnya Sava\u015f\u0131 sonras\u0131nda Atlantik\u2019in \u00f6teki yakas\u0131yla, Sovyetler Birli\u011fi\u2019ne kar\u015f\u0131 Avrupa ve \u00e7evresiyle nas\u0131l yak\u0131n ili\u015fkiler geli\u015ftirmi\u015f ve i\u015fbirli\u011fi kurumlar\u0131 olu\u015fturmu\u015fsa, \u015fimdi ayn\u0131s\u0131n\u0131 \u00c7in\u2019e kar\u015f\u0131 Pasifik\u2019in \u00f6teki yakas\u0131 ile yapacakt\u0131.<\/span><br><span class=\"large\"><\/span><br><span class=\"large\"> Trump, bu genel politikay\u0131, farkl\u0131 \u00fcslup ve y\u00f6ntemlerle s\u00fcrd\u00fcrd\u00fc. <\/span><br><span class=\"large\"><\/span><br><span class=\"large\"> Biden da \u00f6yle yapacakt\u0131r.<\/span><br><span class=\"large\"><\/span><br><span class=\"large\"> <strong>G\u00dcMR\u00dcK VERG\u0130S\u0130 SAVA\u015eI<\/strong><\/span><br><span class=\"large\"><\/span><br><span class=\"large\"> Trump\u2019\u0131n ba\u015flatt\u0131\u011f\u0131 g\u00fcmr\u00fck vergisi sava\u015f\u0131, \u00c7in\u2019den \u00e7ok ABD ekonomisine zarar verdi; \u00c7in\u2019in teknolojik geli\u015fimini yava\u015flatmak i\u00e7in y\u00fcr\u00fcrl\u00fc\u011fe koydu\u011fu \u00f6nlemler, \u00c7in\u2019i k\u0131sa ve orta d\u00f6nemde zora koyacak ama ABD i\u00e7in k\u0131sa ve orta d\u00f6nemde b\u00fcy\u00fck bedelleri olacak, uzun d\u00f6nemde de istedi\u011finin tersi sonu\u00e7 verecektir. Biden y\u00f6netimi, bu politikalarda ABD\u2019nin zararlar\u0131n\u0131 azalt\u0131rken, \u00c7in\u2019e de bir \u00f6l\u00e7\u00fc ferahlama sa\u011flayacak de\u011fi\u015fikliklere, belli kar\u015f\u0131l\u0131klar alarak gidebilecektir. \u00d6te yandan Biden y\u00f6netimi, daha ak\u0131lc\u0131 ve kestirilebilir olacakt\u0131r. Bunlar Biden\u2019\u0131n \u00c7in a\u00e7\u0131s\u0131ndan olumlu yanlar\u0131.<\/span><br><span class=\"large\"><\/span><br><span class=\"large\"> Ancak Trump, Paris \u0130klim Anla\u015fmas\u0131, D\u00fcnya Ticaret \u00d6rg\u00fct\u00fc, Covid-19 salg\u0131n\u0131 gibi konulara yakla\u015f\u0131m\u0131 ile ABD\u2019nin d\u00fcnyadaki itibar\u0131n\u0131 ve dolay\u0131s\u0131yla politik g\u00fcc\u00fcn\u00fc zay\u0131flat\u0131yor. \u00d6te yandan, yaln\u0131z \u00c7in de\u011fil, m\u00fcttefiklerine de ticaret sava\u015flar\u0131 a\u00e7arak, \u00c7in\u2019e kar\u015f\u0131 uluslararas\u0131 i\u015fbirli\u011finin yolunu t\u0131k\u0131yordu. Bu, Trump\u2019\u0131 \u00c7in i\u00e7in zararlar\u0131n\u0131n \u00e7ok \u00fcst\u00fcnde yararl\u0131 k\u0131l\u0131yordu. Biden, bu konularda Trump gibi davranmayaca\u011f\u0131 i\u00e7in \u00c7in rahatlamayacak, daha \u00e7ok s\u0131k\u0131\u015facakt\u0131r.<\/span><\/p>  \t\t\t\t","slug":"trumpin-yerine-bidenin-secilmesi-cini-rahatlatir-mi","tags":"K\u00f6\u015fe Yaz\u0131s\u0131","meta_title":"Trump\u2019\u0131n yerine Biden\u2019\u0131n se\u00e7ilmesi \u00c7in\u2019i rahatlat\u0131r m\u0131?","meta_description":"FAT\u0130H OKTAY","meta_keywords":"K\u00f6\u015fe Yaz\u0131s\u0131","news_cover_min":null,"news_cover":null,"news_video_min":null,"news_video":null,"view_count":1081,"cropped_1200x675":null,"user":{"id":2,"name":"FAT\u0130H","surname":"OKTAY","email":"ozansoy.tuna@akay.com","slug":"fatih-oktay","avatar":"\/front\/uploads\/avatar\/1733691600qSRn7kb3ZZVHU3t.webp","status":1,"role":1,"email_verified_at":null,"orde":null,"created_at":"2022-09-15T09:39:41.000000Z","updated_at":"2024-12-18T14:51:22.000000Z","seo_title":null,"seo_description":null},"translations":[{"id":23842,"is_featured":0,"is_amp":0,"is_ads":0,"ads_link":null,"post_id":23743,"locale":"tr","category_id":73,"title":"Trump\u2019\u0131n yerine Biden\u2019\u0131n se\u00e7ilmesi \u00c7in\u2019i rahatlat\u0131r m\u0131?","home_title":null,"sub_title":null,"slider_title":null,"slider_title_2":null,"slider_spot_title":null,"slider_spot_title_2":null,"subtitleuse":0,"description":null,"content":"  \t\t\t\t\t  \t\t\t\t\t<p style=\"text-align: right;\"><span class=\"large\"><strong>FAT\u0130H OKTAY<\/strong><\/span><br><span class=\"large\"> <strong><\/strong><\/span><\/p>  <p><span class=\"large\">Ba\u015fl\u0131ktaki sorunun cevab\u0131n\u0131 hemen ba\u015ftan vereyim: Hay\u0131r, b\u00fcy\u00fck olas\u0131l\u0131kla tersi olur. Her \u015feyden \u00f6nce belirtmek gerekir ki, ABD ile \u00c7in aras\u0131ndaki \u00e7eki\u015fme Trump ile ba\u015flamad\u0131, onunla da bitmeyecek. \u0130ki \u00fclke aras\u0131ndaki gerginlik, 2008 k\u00fcresel krizi ard\u0131ndan ba\u015flad\u0131. \u00c7in ekonomisi o krizde, \u00fclke y\u00f6netiminin devreye soktu\u011fu b\u00fcy\u00fck bir ekonomiyi canland\u0131rma program\u0131n\u0131n katk\u0131s\u0131yla y\u00fcksek h\u0131zlarda b\u00fcy\u00fcmeyi s\u00fcrd\u00fcrd\u00fc. Buna kar\u015f\u0131n ABD ve di\u011fer bat\u0131l\u0131 ekonomiler uzun s\u00fcre bu krizin etkisinde kald\u0131. Bu nedenle \u00c7in ekonomisi ile ABD ekonomisi aras\u0131ndaki b\u00fcy\u00fckl\u00fck fark\u0131nda \u00f6nemli daralma oldu. Bu d\u00f6nemde \u00c7in, \u2018d\u00fcnyan\u0131n en b\u00fcy\u00fck ihracat\u00e7\u0131s\u0131\u2019, \u2018d\u00fcnyan\u0131n en b\u00fcy\u00fck imalat sanayine sahip \u00fclkesi\u2019, \u2018d\u00fcnyan\u0131n en b\u00fcy\u00fck otomobil sanayine sahip \u00fclke\u2019 gibi bir\u00e7ok unvan\u0131 ABD\u2019den ald\u0131. \u00d6te yandan kriz, \u00c7in\u2019de ABD bat\u0131l\u0131 ekonomik ve politik modellerin sorgulanmas\u0131na yol a\u00e7t\u0131. \u00c7in\u2019de neredeyse tart\u0131\u015fmas\u0131z olarak etkinli\u011fi kabul edilen ABD finansal sisteminin sorunlar\u0131n\u0131n ortaya sa\u00e7\u0131lmas\u0131, krize m\u00fcdahale ve krizden \u00e7\u0131kma konusundaki ba\u015far\u0131s\u0131zl\u0131klar, \u00c7in\u2019de bat\u0131 modeli ile ilgili g\u00f6r\u00fc\u015fleri de\u011fi\u015ftirdi\u011fi gibi \u00fclke y\u00f6netimindeki bat\u0131 modeline yak\u0131n duranlar\u0131n da elini zay\u0131flatt\u0131.<\/span><br><span class=\"large\"><\/span><br><span class=\"large\"> \u00c7in modelinin mi, ABD modelinin mi daha \u00fcst\u00fcn oldu\u011fu tart\u0131\u015f\u0131l\u0131r oldu. Bu ortamda Obama ba\u015fkanl\u0131\u011f\u0131ndaki ABD y\u00f6netimi \u00c7in\u2019i bir rakip olarak g\u00f6rmeye, \u00c7in de uluslararas\u0131 politikas\u0131nda dikle\u015fmeye ba\u015flad\u0131.<\/span><br><span class=\"large\"><\/span><br><span class=\"large\"> <strong>PAS\u0130F\u0130K\u2019\u0130N \u00d6TEK\u0130 YAKASI \u0130LE \u0130\u015eB\u0130RL\u0130\u011e\u0130<\/strong><\/span><br><span class=\"large\"><\/span><br><span class=\"large\"> Ge\u00e7en yaz\u0131da s\u00f6z\u00fcn\u00fc etti\u011fimiz Trans Pasifik Ortakl\u0131\u011f\u0131 anla\u015fmas\u0131, Obama y\u00f6netiminin \u00c7in\u2019in ekonomik ve politik olarak g\u00fc\u00e7lenmesini kontrol alt\u0131na almak i\u00e7in ortaya koydu\u011fu bir giri\u015fimdi. Obama, anla\u015fman\u0131n gerek\u00e7esini ABD kamuoyuna a\u00e7\u0131klamak i\u00e7in s\u00f6yle diyordu: \u201c\u2026 yeni y\u00fczy\u0131lda ekonominin kurallar\u0131n\u0131 yazan\u0131n \u00c7in de\u011fil, ABD olmas\u0131n\u0131 sa\u011flamal\u0131y\u0131z\u2026\u201d \u00d6te yandan, Obama y\u00f6netimi d\u00f6neminde \u00c7in\u2019e yakla\u015f\u0131m askeri alanda da de\u011fi\u015fti. Bu de\u011fi\u015fim Asya\u2019ya Do\u011fru D\u00f6n\u00fc\u015f olarak adland\u0131r\u0131lan program ile ortaya konuldu. Buna g\u00f6re ABD kaynaklar\u0131n\u0131 ve dikkatini uzun zamand\u0131r odaklad\u0131\u011f\u0131 Irak ve Afganistan\u2019dan Asya-Pasifik b\u00f6lgesine \u00e7eviriyordu, b\u00f6lgeye diplomatik, ekonomik, stratejik, her t\u00fcr yat\u0131r\u0131m\u0131n\u0131 artt\u0131racakt\u0131. ABD, \u0130kinci D\u00fcnya Sava\u015f\u0131 sonras\u0131nda Atlantik\u2019in \u00f6teki yakas\u0131yla, Sovyetler Birli\u011fi\u2019ne kar\u015f\u0131 Avrupa ve \u00e7evresiyle nas\u0131l yak\u0131n ili\u015fkiler geli\u015ftirmi\u015f ve i\u015fbirli\u011fi kurumlar\u0131 olu\u015fturmu\u015fsa, \u015fimdi ayn\u0131s\u0131n\u0131 \u00c7in\u2019e kar\u015f\u0131 Pasifik\u2019in \u00f6teki yakas\u0131 ile yapacakt\u0131.<\/span><br><span class=\"large\"><\/span><br><span class=\"large\"> Trump, bu genel politikay\u0131, farkl\u0131 \u00fcslup ve y\u00f6ntemlerle s\u00fcrd\u00fcrd\u00fc. <\/span><br><span class=\"large\"><\/span><br><span class=\"large\"> Biden da \u00f6yle yapacakt\u0131r.<\/span><br><span class=\"large\"><\/span><br><span class=\"large\"> <strong>G\u00dcMR\u00dcK VERG\u0130S\u0130 SAVA\u015eI<\/strong><\/span><br><span class=\"large\"><\/span><br><span class=\"large\"> Trump\u2019\u0131n ba\u015flatt\u0131\u011f\u0131 g\u00fcmr\u00fck vergisi sava\u015f\u0131, \u00c7in\u2019den \u00e7ok ABD ekonomisine zarar verdi; \u00c7in\u2019in teknolojik geli\u015fimini yava\u015flatmak i\u00e7in y\u00fcr\u00fcrl\u00fc\u011fe koydu\u011fu \u00f6nlemler, \u00c7in\u2019i k\u0131sa ve orta d\u00f6nemde zora koyacak ama ABD i\u00e7in k\u0131sa ve orta d\u00f6nemde b\u00fcy\u00fck bedelleri olacak, uzun d\u00f6nemde de istedi\u011finin tersi sonu\u00e7 verecektir. Biden y\u00f6netimi, bu politikalarda ABD\u2019nin zararlar\u0131n\u0131 azalt\u0131rken, \u00c7in\u2019e de bir \u00f6l\u00e7\u00fc ferahlama sa\u011flayacak de\u011fi\u015fikliklere, belli kar\u015f\u0131l\u0131klar alarak gidebilecektir. \u00d6te yandan Biden y\u00f6netimi, daha ak\u0131lc\u0131 ve kestirilebilir olacakt\u0131r. Bunlar Biden\u2019\u0131n \u00c7in a\u00e7\u0131s\u0131ndan olumlu yanlar\u0131.<\/span><br><span class=\"large\"><\/span><br><span class=\"large\"> Ancak Trump, Paris \u0130klim Anla\u015fmas\u0131, D\u00fcnya Ticaret \u00d6rg\u00fct\u00fc, Covid-19 salg\u0131n\u0131 gibi konulara yakla\u015f\u0131m\u0131 ile ABD\u2019nin d\u00fcnyadaki itibar\u0131n\u0131 ve dolay\u0131s\u0131yla politik g\u00fcc\u00fcn\u00fc zay\u0131flat\u0131yor. \u00d6te yandan, yaln\u0131z \u00c7in de\u011fil, m\u00fcttefiklerine de ticaret sava\u015flar\u0131 a\u00e7arak, \u00c7in\u2019e kar\u015f\u0131 uluslararas\u0131 i\u015fbirli\u011finin yolunu t\u0131k\u0131yordu. Bu, Trump\u2019\u0131 \u00c7in i\u00e7in zararlar\u0131n\u0131n \u00e7ok \u00fcst\u00fcnde yararl\u0131 k\u0131l\u0131yordu. Biden, bu konularda Trump gibi davranmayaca\u011f\u0131 i\u00e7in \u00c7in rahatlamayacak, daha \u00e7ok s\u0131k\u0131\u015facakt\u0131r.<\/span><\/p>  \t\t\t\t","slug":"trumpin-yerine-bidenin-secilmesi-cini-rahatlatir-mi","orjinalimage":null,"news_cover_min":null,"news_cover":null,"news_video_min":null,"news_video":null,"cropped_638x552":null,"cropped_310x208":null,"cropped_416x247":null,"cropped_197x247":null,"cropped_416x600":null,"cropped_1200x675":null,"tags":"K\u00f6\u015fe Yaz\u0131s\u0131","meta_title":"Trump\u2019\u0131n yerine Biden\u2019\u0131n se\u00e7ilmesi \u00c7in\u2019i rahatlat\u0131r m\u0131?","meta_description":"FAT\u0130H OKTAY","meta_keywords":"K\u00f6\u015fe Yaz\u0131s\u0131","view_count":1081,"yt":0,"ytid":"","ytimage":null,"imgdate":"2000-01-01 00:00:00","cuff_cover":null,"cropped_358x214":null,"cropped_842x474":null}]}}