{"status":true,"post":{"id":22065,"user_id":5,"status":1,"type":1,"orde":null,"notification_type":3,"static_post":0,"published_at":"2022-10-24 14:14:41","created_at":"2020-05-07T21:00:00.000000Z","updated_at":"2022-10-24T11:14:41.000000Z","edited_at":"2024-12-17 22:35:21","source_id":null,"post_id":22065,"is_featured":0,"title":"Pandemi sonras\u0131 sa\u011fl\u0131k e\u011fitiminin cazibesi","slider_title":null,"slider_title_2":null,"slider_spot_title":null,"slider_spot_title_2":null,"home_title":null,"sub_title":null,"category_id":73,"description":null,"content":"  \t\t\t\t\t  \t\t\t\t\t<p style=\"text-align: right;\"><span class=\"large\"><strong>Prof. Dr. Ahmet Emre Bilgili<\/strong><\/span><\/p>  <p><span class=\"large\">\u00dclkemizin en zeki \u00e7ocuklar\u0131 y\u0131llard\u0131r b\u00fcy\u00fck \u00e7o\u011funlukla t\u0131p fak\u00fcltelerini tercih ettiler. Hem de hekimlik mesle\u011fine kabiliyetleri olup olmad\u0131\u011f\u0131na bakmaks\u0131z\u0131n. Hepimizin bildi\u011fi bir ger\u00e7ek; bu tercih \u00f6\u011frencilerden daha \u00e7ok mesle\u011fin pop\u00fclerli\u011fi, ailelerin y\u00f6nlendirmesi ve \u00e7evresel ko\u015fullar\u0131n etkisi ile oldu. Ba\u015far\u0131l\u0131 olanlar, sevmeyerek mesle\u011fi yapanlar ve az da olsa terkedenler oldu. Bunlar\u0131n hepsi ger\u00e7ek ama t\u0131p e\u011fitiminin bu sayede ger\u00e7ekten iyi bir noktaya gelmesi de ba\u015fka bir ger\u00e7ek.<\/span><\/p>  <p><span class=\"large\">Yine bu durumu ele\u015ftirenler, do\u011fru bulanlar, aileleri su\u00e7layanlar, tart\u0131\u015fanlar oldu ama sonu\u00e7 olarak; \u2018olan\u2019 bu idi. Bu bak\u0131\u015f a\u00e7\u0131s\u0131 ile \u00fclkemizde \u00fcniversitelerin yay\u0131l\u0131m\u0131na muvazi olarak t\u0131p fak\u00fclteleri de yayg\u0131nla\u015ft\u0131. A\u00e7\u0131lan her \u00fcniversite \u00e7ok b\u00fcy\u00fck \u00e7o\u011funlukla t\u0131p fak\u00fcltesi ile ba\u015flad\u0131. Bu; tek \u00fcniversiteli \u015fehirlerde ayn\u0131 zamanda \u015fehrin bir ihtiyac\u0131 olarak da kurguland\u0131. Fakat i\u015fin bir de i\u015fletmecilik boyutu vard\u0131 ki, bunu ba\u015faranlar, ba\u015faramayanlar oldu.<\/span><\/p>  <p><span class=\"large\"><strong>SA\u011eLIK \u00dcN\u0130VERS\u0130TELER\u0130<\/strong><\/span><\/p>  <p><span class=\"large\">AK Parti iktidar\u0131 ile sa\u011fl\u0131k bir b\u00fct\u00fcn olarak tek elden y\u00fcr\u00fct\u00fcld\u00fc ve eksikler, ele\u015ftiriler olsa da iyi i\u015fleyen bir sisteme d\u00f6n\u00fc\u015ft\u00fcr\u00fcld\u00fc. H\u0131zl\u0131 bir \u015fekilde i\u015fin sa\u011fl\u0131k alt yap\u0131s\u0131, insan kayna\u011f\u0131, fiziki durumu, ila\u00e7 boyutu ve teknolojisi a\u00e7\u0131s\u0131ndan m\u00fcthi\u015f bir geli\u015fme g\u00f6sterdi. Yine \u00e7ok tart\u0131\u015f\u0131lan \u015fehir hastaneleri de bu d\u00f6nemde bir bir devreye girdi.<\/span><br><span class=\"large\"> Bu geli\u015fmelere muvazi olarak sadece sa\u011fl\u0131k e\u011fitimi veren \u00fcniversiteler a\u00e7\u0131lmaya ba\u015flad\u0131. \u0130lki \u0130stanbul\u2019da a\u00e7\u0131lan Sa\u011fl\u0131k Bilimleri \u00dcniversitesi K\u00fctahya\u2019da da a\u00e7\u0131ld\u0131. Vak\u0131f \u00fcniversitelerinde de bu anlay\u0131\u015f\u0131n belli bir yeri bulunuyor. Bezmialem Vak\u0131f \u00dcniversitesi gibi tamamen sa\u011fl\u0131k e\u011fitimi yapanlar\u0131n yan\u0131nda a\u011f\u0131rl\u0131kl\u0131 olarak bu e\u011fitimi yapan \u00fcniversiteler de var.<\/span><\/p>  <p><span class=\"large\">\u015eimdi bu geli\u015fmeler \u0131\u015f\u0131\u011f\u0131nda koronavir\u00fcs salg\u0131n\u0131 s\u00fcrecinde \u00fclke olarak ya\u015fad\u0131klar\u0131m\u0131za bir g\u00f6z atal\u0131m. Toplumun b\u00fct\u00fcn kesimleri bu s\u00fcrecin \u00e7ok iyi y\u00f6netildi\u011fi konusunda ittifak etmi\u015f durumda. Ba\u015fta hekimlerimiz olmak \u00fczere b\u00fct\u00fcn sa\u011fl\u0131k \u00e7al\u0131\u015fanlar\u0131, bilgi ve tecr\u00fcbelerine \u2018fedak\u00e2rl\u0131k\u2019 unsurunu da ekleyerek \u00fcst\u00fcn bir performans g\u00f6sterdi. Sa\u011fl\u0131k sistemimiz sendelemedi, \u00e7\u00f6kmedi, di\u011fer g\u00fc\u00e7l\u00fc diye bildi\u011fimiz \u00fclkelerin aksine dimdik ayakta kald\u0131 ve d\u00fcnyaya \u00f6rnek oldu.<\/span><\/p>  <p><span class=\"large\">Bunu neye bor\u00e7lu oldu\u011fumuzu gayet iyi biliyoruz asl\u0131nda. Tabii ki \u00f6ncelikle iyi yeti\u015fmi\u015f, potansiyeli y\u00fcksek, mesle\u011fini seven, fedak\u00e2rl\u0131\u011f\u0131 i\u00e7selle\u015ftiren insan kayna\u011f\u0131na, sonra ise sa\u011fl\u0131k altyap\u0131s\u0131 ve iyi bir koordinasyon i\u00e7inde g\u00f6rev yapan ba\u015far\u0131l\u0131 y\u00f6neticilerimize. Ve t\u00fcm bunlara liderlik eden Cumhurba\u015fkan\u0131m\u0131za.<\/span><\/p>  <p><span class=\"large\"><strong>T\u00dcRK\u0130YE PREST\u0130J KAZANACAK<\/strong><\/span><\/p>  <p><span class=\"large\">\u015eimdi sa\u011fl\u0131k e\u011fitiminin gelece\u011fine y\u00f6nelik projeksiyon yapmaya \u00e7al\u0131\u015fal\u0131m. \u00dclkemiz bu s\u00fcreci bug\u00fcn oldu\u011fu gibi ba\u015far\u0131 ile noktalayabilirse -ki ola\u011fan\u00fcst\u00fc bir aksilik olmaz ise bu \u015fekilde sonlanacak g\u00f6r\u00fcn\u00fcyor- d\u00fcnyan\u0131n geli\u015fmi\u015f \u00fclkelerinde bile b\u00fcy\u00fck bir prestij kazanacak. Kendi b\u00f6lgesinde zaten bir merkezdi ama Avrupa\u2019dan da bu \u00e7er\u00e7evede bir y\u00f6nelim olacak. Bu i\u015fin ticari, sa\u011fl\u0131k turizmi boyutu \u00f6nemli elbette ama devaml\u0131l\u0131k a\u00e7\u0131s\u0131ndan e\u011fitim boyutu \u00e7ok daha \u00f6nemli. Bilindi\u011fi \u00fczere sa\u011fl\u0131k e\u011fitiminde teori ve pratik birlikteli\u011fi, olmazsa olmaz konumunda. Dolay\u0131s\u0131yla e\u011fitim ve hastane birlikte varolmak durumunda.<\/span><\/p>  <p><span class=\"large\">Pandemiden sonra \u00fclkemizde sa\u011fl\u0131k e\u011fitimi cazibesini olduk\u00e7a art\u0131racak g\u00f6r\u00fcn\u00fcyor. \u00c7evre \u00fclkelerden sa\u011fl\u0131k alan\u0131nda e\u011fitim alma talebinde de ciddi bir art\u0131\u015f bekleniyor. Bu alandaki altyap\u0131m\u0131z iyi oldu\u011fu i\u00e7in \u2018nitelikli \u00f6\u011frenciyi se\u00e7mek ko\u015fulu ile\u2019 \u00fclkemiz ad\u0131na yararl\u0131 olabilir. Dolay\u0131s\u0131yla hem devlet hem de vak\u0131f \u00fcniversitelerimiz bu konuyu g\u00fcndemlerine alarak haz\u0131rl\u0131k yapmalar\u0131nda fayda var.<\/span><\/p>  <p><span class=\"large\">Krizden sa\u011fl\u0131k sistemimiz g\u00fc\u00e7lenerek \u00e7\u0131kacak, bundan hepimiz gurur duyar\u0131z. Yaz\u0131n\u0131n ba\u015f\u0131nda s\u00f6yledi\u011fimiz \u2018en zeki \u00e7ocuklar\u0131m\u0131z\u0131n \u00e7o\u011funu hekim yapt\u0131k\u2019 tespitini ele\u015ftirsek de bu salg\u0131n\u0131n iyi y\u00f6netilmesinde b\u00fcy\u00fck yarar\u0131n\u0131 g\u00f6rd\u00fc\u011f\u00fcm\u00fcz\u00fc belirtelim. Ancak yine de bu en zekilerimizin da\u011f\u0131l\u0131m\u0131n\u0131 akademik alanlar a\u00e7\u0131s\u0131ndan daha adaletli yaparsak \u00fclke ve genel pop\u00fclasyon a\u00e7\u0131s\u0131ndan \u00e7ok daha iyi olaca\u011f\u0131n\u0131 s\u00f6ylemeliyiz.<\/span><\/p>  \t\t\t\t","slug":"pandemi-sonrasi-saglik-egitiminin-cazibesi","tags":"K\u00f6\u015fe Yaz\u0131s\u0131","meta_title":"Pandemi sonras\u0131 sa\u011fl\u0131k e\u011fitiminin cazibesi","meta_description":"Prof. Dr. Ahmet Emre Bilgili","meta_keywords":"K\u00f6\u015fe Yaz\u0131s\u0131","news_cover_min":null,"news_cover":null,"news_video_min":null,"news_video":null,"view_count":921,"cropped_1200x675":null,"user":{"id":5,"name":"AHMET EMRE","surname":"B\u0130LG\u0130L\u0130","email":"mcetiner@menemencioglu.net","slug":"prof-dr-ahmet-emre-bilgili","avatar":"\/front\/uploads\/avatar\/173369160076ryfup3NGA3Op4.webp","status":1,"role":1,"email_verified_at":null,"orde":null,"created_at":"2022-09-15T09:39:41.000000Z","updated_at":"2024-12-18T10:21:44.000000Z","seo_title":null,"seo_description":null},"translations":[{"id":22164,"is_featured":0,"is_amp":0,"is_ads":0,"ads_link":null,"post_id":22065,"locale":"tr","category_id":73,"title":"Pandemi sonras\u0131 sa\u011fl\u0131k e\u011fitiminin cazibesi","home_title":null,"sub_title":null,"slider_title":null,"slider_title_2":null,"slider_spot_title":null,"slider_spot_title_2":null,"subtitleuse":0,"description":null,"content":"  \t\t\t\t\t  \t\t\t\t\t<p style=\"text-align: right;\"><span class=\"large\"><strong>Prof. Dr. Ahmet Emre Bilgili<\/strong><\/span><\/p>  <p><span class=\"large\">\u00dclkemizin en zeki \u00e7ocuklar\u0131 y\u0131llard\u0131r b\u00fcy\u00fck \u00e7o\u011funlukla t\u0131p fak\u00fcltelerini tercih ettiler. Hem de hekimlik mesle\u011fine kabiliyetleri olup olmad\u0131\u011f\u0131na bakmaks\u0131z\u0131n. Hepimizin bildi\u011fi bir ger\u00e7ek; bu tercih \u00f6\u011frencilerden daha \u00e7ok mesle\u011fin pop\u00fclerli\u011fi, ailelerin y\u00f6nlendirmesi ve \u00e7evresel ko\u015fullar\u0131n etkisi ile oldu. Ba\u015far\u0131l\u0131 olanlar, sevmeyerek mesle\u011fi yapanlar ve az da olsa terkedenler oldu. Bunlar\u0131n hepsi ger\u00e7ek ama t\u0131p e\u011fitiminin bu sayede ger\u00e7ekten iyi bir noktaya gelmesi de ba\u015fka bir ger\u00e7ek.<\/span><\/p>  <p><span class=\"large\">Yine bu durumu ele\u015ftirenler, do\u011fru bulanlar, aileleri su\u00e7layanlar, tart\u0131\u015fanlar oldu ama sonu\u00e7 olarak; \u2018olan\u2019 bu idi. Bu bak\u0131\u015f a\u00e7\u0131s\u0131 ile \u00fclkemizde \u00fcniversitelerin yay\u0131l\u0131m\u0131na muvazi olarak t\u0131p fak\u00fclteleri de yayg\u0131nla\u015ft\u0131. A\u00e7\u0131lan her \u00fcniversite \u00e7ok b\u00fcy\u00fck \u00e7o\u011funlukla t\u0131p fak\u00fcltesi ile ba\u015flad\u0131. Bu; tek \u00fcniversiteli \u015fehirlerde ayn\u0131 zamanda \u015fehrin bir ihtiyac\u0131 olarak da kurguland\u0131. Fakat i\u015fin bir de i\u015fletmecilik boyutu vard\u0131 ki, bunu ba\u015faranlar, ba\u015faramayanlar oldu.<\/span><\/p>  <p><span class=\"large\"><strong>SA\u011eLIK \u00dcN\u0130VERS\u0130TELER\u0130<\/strong><\/span><\/p>  <p><span class=\"large\">AK Parti iktidar\u0131 ile sa\u011fl\u0131k bir b\u00fct\u00fcn olarak tek elden y\u00fcr\u00fct\u00fcld\u00fc ve eksikler, ele\u015ftiriler olsa da iyi i\u015fleyen bir sisteme d\u00f6n\u00fc\u015ft\u00fcr\u00fcld\u00fc. H\u0131zl\u0131 bir \u015fekilde i\u015fin sa\u011fl\u0131k alt yap\u0131s\u0131, insan kayna\u011f\u0131, fiziki durumu, ila\u00e7 boyutu ve teknolojisi a\u00e7\u0131s\u0131ndan m\u00fcthi\u015f bir geli\u015fme g\u00f6sterdi. Yine \u00e7ok tart\u0131\u015f\u0131lan \u015fehir hastaneleri de bu d\u00f6nemde bir bir devreye girdi.<\/span><br><span class=\"large\"> Bu geli\u015fmelere muvazi olarak sadece sa\u011fl\u0131k e\u011fitimi veren \u00fcniversiteler a\u00e7\u0131lmaya ba\u015flad\u0131. \u0130lki \u0130stanbul\u2019da a\u00e7\u0131lan Sa\u011fl\u0131k Bilimleri \u00dcniversitesi K\u00fctahya\u2019da da a\u00e7\u0131ld\u0131. Vak\u0131f \u00fcniversitelerinde de bu anlay\u0131\u015f\u0131n belli bir yeri bulunuyor. Bezmialem Vak\u0131f \u00dcniversitesi gibi tamamen sa\u011fl\u0131k e\u011fitimi yapanlar\u0131n yan\u0131nda a\u011f\u0131rl\u0131kl\u0131 olarak bu e\u011fitimi yapan \u00fcniversiteler de var.<\/span><\/p>  <p><span class=\"large\">\u015eimdi bu geli\u015fmeler \u0131\u015f\u0131\u011f\u0131nda koronavir\u00fcs salg\u0131n\u0131 s\u00fcrecinde \u00fclke olarak ya\u015fad\u0131klar\u0131m\u0131za bir g\u00f6z atal\u0131m. Toplumun b\u00fct\u00fcn kesimleri bu s\u00fcrecin \u00e7ok iyi y\u00f6netildi\u011fi konusunda ittifak etmi\u015f durumda. Ba\u015fta hekimlerimiz olmak \u00fczere b\u00fct\u00fcn sa\u011fl\u0131k \u00e7al\u0131\u015fanlar\u0131, bilgi ve tecr\u00fcbelerine \u2018fedak\u00e2rl\u0131k\u2019 unsurunu da ekleyerek \u00fcst\u00fcn bir performans g\u00f6sterdi. Sa\u011fl\u0131k sistemimiz sendelemedi, \u00e7\u00f6kmedi, di\u011fer g\u00fc\u00e7l\u00fc diye bildi\u011fimiz \u00fclkelerin aksine dimdik ayakta kald\u0131 ve d\u00fcnyaya \u00f6rnek oldu.<\/span><\/p>  <p><span class=\"large\">Bunu neye bor\u00e7lu oldu\u011fumuzu gayet iyi biliyoruz asl\u0131nda. Tabii ki \u00f6ncelikle iyi yeti\u015fmi\u015f, potansiyeli y\u00fcksek, mesle\u011fini seven, fedak\u00e2rl\u0131\u011f\u0131 i\u00e7selle\u015ftiren insan kayna\u011f\u0131na, sonra ise sa\u011fl\u0131k altyap\u0131s\u0131 ve iyi bir koordinasyon i\u00e7inde g\u00f6rev yapan ba\u015far\u0131l\u0131 y\u00f6neticilerimize. Ve t\u00fcm bunlara liderlik eden Cumhurba\u015fkan\u0131m\u0131za.<\/span><\/p>  <p><span class=\"large\"><strong>T\u00dcRK\u0130YE PREST\u0130J KAZANACAK<\/strong><\/span><\/p>  <p><span class=\"large\">\u015eimdi sa\u011fl\u0131k e\u011fitiminin gelece\u011fine y\u00f6nelik projeksiyon yapmaya \u00e7al\u0131\u015fal\u0131m. \u00dclkemiz bu s\u00fcreci bug\u00fcn oldu\u011fu gibi ba\u015far\u0131 ile noktalayabilirse -ki ola\u011fan\u00fcst\u00fc bir aksilik olmaz ise bu \u015fekilde sonlanacak g\u00f6r\u00fcn\u00fcyor- d\u00fcnyan\u0131n geli\u015fmi\u015f \u00fclkelerinde bile b\u00fcy\u00fck bir prestij kazanacak. Kendi b\u00f6lgesinde zaten bir merkezdi ama Avrupa\u2019dan da bu \u00e7er\u00e7evede bir y\u00f6nelim olacak. Bu i\u015fin ticari, sa\u011fl\u0131k turizmi boyutu \u00f6nemli elbette ama devaml\u0131l\u0131k a\u00e7\u0131s\u0131ndan e\u011fitim boyutu \u00e7ok daha \u00f6nemli. Bilindi\u011fi \u00fczere sa\u011fl\u0131k e\u011fitiminde teori ve pratik birlikteli\u011fi, olmazsa olmaz konumunda. Dolay\u0131s\u0131yla e\u011fitim ve hastane birlikte varolmak durumunda.<\/span><\/p>  <p><span class=\"large\">Pandemiden sonra \u00fclkemizde sa\u011fl\u0131k e\u011fitimi cazibesini olduk\u00e7a art\u0131racak g\u00f6r\u00fcn\u00fcyor. \u00c7evre \u00fclkelerden sa\u011fl\u0131k alan\u0131nda e\u011fitim alma talebinde de ciddi bir art\u0131\u015f bekleniyor. Bu alandaki altyap\u0131m\u0131z iyi oldu\u011fu i\u00e7in \u2018nitelikli \u00f6\u011frenciyi se\u00e7mek ko\u015fulu ile\u2019 \u00fclkemiz ad\u0131na yararl\u0131 olabilir. Dolay\u0131s\u0131yla hem devlet hem de vak\u0131f \u00fcniversitelerimiz bu konuyu g\u00fcndemlerine alarak haz\u0131rl\u0131k yapmalar\u0131nda fayda var.<\/span><\/p>  <p><span class=\"large\">Krizden sa\u011fl\u0131k sistemimiz g\u00fc\u00e7lenerek \u00e7\u0131kacak, bundan hepimiz gurur duyar\u0131z. Yaz\u0131n\u0131n ba\u015f\u0131nda s\u00f6yledi\u011fimiz \u2018en zeki \u00e7ocuklar\u0131m\u0131z\u0131n \u00e7o\u011funu hekim yapt\u0131k\u2019 tespitini ele\u015ftirsek de bu salg\u0131n\u0131n iyi y\u00f6netilmesinde b\u00fcy\u00fck yarar\u0131n\u0131 g\u00f6rd\u00fc\u011f\u00fcm\u00fcz\u00fc belirtelim. Ancak yine de bu en zekilerimizin da\u011f\u0131l\u0131m\u0131n\u0131 akademik alanlar a\u00e7\u0131s\u0131ndan daha adaletli yaparsak \u00fclke ve genel pop\u00fclasyon a\u00e7\u0131s\u0131ndan \u00e7ok daha iyi olaca\u011f\u0131n\u0131 s\u00f6ylemeliyiz.<\/span><\/p>  \t\t\t\t","slug":"pandemi-sonrasi-saglik-egitiminin-cazibesi","orjinalimage":null,"news_cover_min":null,"news_cover":null,"news_video_min":null,"news_video":null,"cropped_638x552":null,"cropped_310x208":null,"cropped_416x247":null,"cropped_197x247":null,"cropped_416x600":null,"cropped_1200x675":null,"tags":"K\u00f6\u015fe Yaz\u0131s\u0131","meta_title":"Pandemi sonras\u0131 sa\u011fl\u0131k e\u011fitiminin cazibesi","meta_description":"Prof. Dr. Ahmet Emre Bilgili","meta_keywords":"K\u00f6\u015fe Yaz\u0131s\u0131","view_count":921,"yt":0,"ytid":"","ytimage":null,"imgdate":"2000-01-01 00:00:00","cuff_cover":null,"cropped_358x214":null,"cropped_842x474":null}]}}