{"status":true,"post":{"id":23910,"user_id":3,"status":1,"type":1,"orde":null,"notification_type":3,"static_post":0,"published_at":"2022-10-24 14:34:24","created_at":"2020-12-24T21:00:00.000000Z","updated_at":"2022-10-24T11:34:24.000000Z","edited_at":"2024-12-17 22:35:21","source_id":null,"post_id":23910,"is_featured":0,"title":"Mehmet Akif Ersoy","slider_title":null,"slider_title_2":null,"slider_spot_title":null,"slider_spot_title_2":null,"home_title":null,"sub_title":null,"category_id":73,"description":null,"content":"  \t\t\t\t\t  \t\t\t\t\t<p style=\"text-align: right;\"><span class=\"large\"><strong>H\u00fcseyin \u00d6zt\u00fcrk<\/strong><\/span><\/p>  <p><span class=\"large\">\u2018\u0130stiklal Mar\u015f\u0131 ve \u00c7anakkale \u015eehitlerine\u2019 \u015fiiriyle milli ve manevi de\u011ferlerimizi ayakta tutan, milli m\u00fccadele-nin b\u00fcy\u00fck emektarla-r\u0131ndan Mehmet Akif Ersoy, 20 Aral\u0131k 1873\u2019te Fatih\u2019te d\u00fcnyaya gelir.<\/span><\/p>  <p><span class=\"large\">1936 y\u0131l\u0131n\u0131n 27 Aral\u0131k g\u00fcn\u00fc ise Beyo\u011flu M\u0131s\u0131r Apartman\u0131\u2019nda vefat eder. 28 Aral\u0131k g\u00fcn\u00fc de Edirnekap\u0131 \u015eehitli\u011fi\u2019nde ebedi \u00e2leme u\u011furlan\u0131r. B\u00fcy\u00fck \u015fairimizin bu y\u0131l vefat\u0131n\u0131n 84. seneyi devriyesi. Kendisini rahmetle an\u0131yoruz. Mehmet Akif denilince akla devlet-millet kalk\u0131nmas\u0131, birlik ve beraberli\u011fimiz gelir.<\/span><\/p>  <p><span class=\"large\">B\u00fct\u00fcn hayat\u0131n\u0131 bu inan\u00e7 ve anlay\u0131\u015f \u00fczerine teksif etmi\u015f ve onun \u00f6nceli\u011fi, hi\u00e7bir itiraz ve engel tan\u0131madan; \u2018\u00e7al\u0131\u015fmak, \u00e7al\u0131\u015fmak, \u00e7al\u0131\u015fmak\u2019 \u015fart\u0131 olmu\u015ftur.<\/span><\/p>  <p><span class=\"large\">\u00c7ocukluk ve gen\u00e7lik y\u0131llar\u0131 da d\u00e2hil olmak \u00fczere 63 y\u0131ll\u0131k \u00f6mr\u00fc; \u00e7al\u0131\u015fma, gayret ve azimli olmak \u00fczerine ge\u00e7mi\u015ftir. Azmin, gayretin, \u00e7al\u0131\u015fman\u0131n yer almad\u0131\u011f\u0131 bir tek \u015fiiri yoktur. Bug\u00fcn baz\u0131 \u015fiirlerinden \u00f6rnekler hat\u0131rlataca\u011f\u0131z. Safahat Birinci Kitab\u0131\u2019ndaki Hasbihal \u015fiirinden \u015fu iki m\u0131sra\u0131 nakledelim: <\/span><\/p>  <p><span class=\"large\">\u201cAtalet f\u0131trat\u0131n ahk\u00e2m\u0131na mademki isyand\u0131r;<\/span><br><span class=\"large\"> \u00c7al\u0131\u015fs\u0131n, durmas\u0131n her kim ki davas\u0131nda insand\u0131r.\u201d<\/span><\/p>  <p><span class=\"large\">Bu iki m\u0131sra\u0131 bile kendisini insan sayan herkes i\u00e7in \u00f6nemli bir ikazd\u0131r. Ataletin, tembelli\u011fin, bo\u015f vermi\u015fli\u011fin insan\u0131n yarat\u0131l\u0131\u015f\u0131na isyan oldu\u011funu anlat\u0131yor. <\/span><\/p>  <p><span class=\"large\"><strong>***<\/strong><\/span><\/p>  <p><span class=\"large\">Vaiz K\u00fcrs\u00fcs\u00fc \u015fiirindeki \u015fu m\u0131sralar da yine \u00e7al\u0131\u015fman\u0131n \u00f6nemini vurguluyor:<\/span><\/p>  <p><span class=\"large\">\u201cBekay\u0131 hak tan\u0131yan, sa\u2019yi bir vazife bilir<\/span><br><span class=\"large\"> \u00c7al\u0131\u015f, \u00e7al\u0131\u015f ki beka sa\u2019y olursa hak edilir.\u201d<\/span><\/p>  <p><span class=\"large\">Millet ve devlet olarak bekam\u0131z\u0131n teminat\u0131 \u00fczerimize vazifeli i\u015fleri hakk\u0131yla yapmak ve \u00e7al\u0131\u015fmaya ba\u011fl\u0131d\u0131r. \u2018Seyfi Baba\u2019 \u015fiiri de ayn\u0131 mevzu \u00fczerinedir. Seyfi Baba\u2019n\u0131n \u00fczerinden \u00e7al\u0131\u015fman\u0131n vazge\u00e7ilmezli\u011fini \u015f\u00f6yle anlat\u0131r:<\/span><\/p>  <p><span class=\"large\">\u201cKim kazanmazsa bu d\u00fcnyada bir ekmek paras\u0131<\/span><br><span class=\"large\"> Dostunun y\u00fczkaras\u0131, d\u00fc\u015fman\u0131n\u0131n maskaras\u0131\u2026\u201d<\/span><\/p>  <p><span class=\"large\">Namerde muhta\u00e7 olmamak, bizim r\u0131z\u0131k medeniyetimizin temel de\u011ferlerindendir. Namerde muhta\u00e7 olmak tembelli\u011fi getirir, tembellik de \u00e7ok ge\u00e7meden kurumla\u015farak kendisine mek\u00e2nlar olu\u015fturur, b\u00fct\u00fcn k\u00f6t\u00fcl\u00fckler de bu mek\u00e2nlardan yay\u0131l\u0131r.<\/span><\/p>  <p><span class=\"large\"><strong>***<\/strong><\/span><\/p>  <p><span class=\"large\">Mehmet Akif, insan\u0131n feraset sahibi oldu\u011funu ve uyan\u0131k olmas\u0131 gerekti\u011fini, k\u00e2inat\u0131n bo\u015fluk kabul etmedi\u011fini ve mutlaka doldurulaca\u011f\u0131n\u0131, bu sebeple ki\u015finin kendisini geli\u015ftirmek ve \u00e7al\u0131\u015fmak i\u00e7in s\u00fcrekli zinde tutmas\u0131 gerekti\u011fini \u00f6\u011f\u00fctler. Mehmet Akif\u2019e g\u00f6re ge\u00e7mi\u015fe tak\u0131l\u0131p kalarak, gelecekten de endi\u015fe etmenin insan\u0131 hasta edece\u011fini, ruhuna ve akl\u0131na zarar verece\u011fini ifade ederek yine bir \u015fiirinde \u015f\u00f6yle der:<\/span><\/p>  <p><span class=\"large\">\u201cSak\u0131n ey nur-\u0131 didem, ge\u00e7mesin beyhude eyyam\u0131n<br><\/span><span class=\"large\">\u00c7al\u0131\u015f halin m\u00fcsaitken\u2026 Bilinmez \u00e7\u00fcnk\u00fc encam\u0131n\u2026\u201d<\/span><\/p>  <p><span class=\"large\">San\u0131r\u0131m bu ikaz\u0131n daha \u00f6tesi yoktur.<\/span><\/p>  <p><span class=\"large\">Burada \u015fiirde g\u00fcn\u00fcm\u00fcz T\u00fcrk\u00e7esiyle anla\u015f\u0131lmayan k\u0131s\u0131mlar\u0131 a\u00e7\u0131klamak m\u00fcmk\u00fcn ama hani mevzumuz \u00e7al\u0131\u015fma \u00fczerine ya, dostlar\u0131m\u0131z s\u00f6zl\u00fck kullanarak manalar\u0131n\u0131 bulabilirler.<\/span><\/p>  <p><span class=\"large\">Akif\u2019in b\u00fct\u00fcn derdi tasas\u0131, hayat\u0131n\u0131n ba\u015f\u0131, ortas\u0131, sonu, memleketimizin ve milletimizin kalk\u0131nmas\u0131 \u00fczerinedir.<\/span><\/p>  <p><span class=\"large\">Bunun i\u00e7in de tembelli\u011fi bu d\u00fcnyan\u0131n Cehennemi, \u00e7al\u0131\u015fmay\u0131 Cenneti olarak temsil ederek \u015f\u00f6yle s\u00f6yler: \u201cBilelim ki, \u00e7al\u0131\u015fmadan hayat\u0131m\u0131z\u0131n idamesi ve ilerlemek imk\u00e2ns\u0131zd\u0131r. \u00c7al\u0131\u015fmayan\u0131n d\u00fcnyas\u0131 da ahireti de karanl\u0131k olacakt\u0131r. Bu \u00e2lem-i hayatta insanlar t\u00fcrl\u00fc t\u00fcrl\u00fc s\u0131k\u0131nt\u0131lar \u00e7eker, t\u00fcrl\u00fc t\u00fcrl\u00fc musibetlere d\u00fc\u015ferler. \u015eayet yeis getirirlerse, (korku ve endi\u015feye kap\u0131l\u0131rlarsa) \u00e7al\u0131\u015fmay\u0131 b\u0131rakacaklar\u0131 i\u00e7in mahvolup giderler. Yok, o s\u0131k\u0131nt\u0131dan kurtulmak ve felaketi yenmek i\u00e7in u\u011fra\u015f\u0131rlarsa, sonunda muvaffak olurlar.\u201d Dolay\u0131s\u0131yla Mehmet Akif\u2019e g\u00f6re millet-devlet olarak kalk\u0131nmam\u0131z\u0131n ve istiklalimizin \u00e7aresi tektir: \u00c7al\u0131\u015fmak\u2026 \u00c7al\u0131\u015fmak\u2026 \u00c7al\u0131\u015fmak\u2026<\/span><\/p>  <p><span class=\"large\"><strong>***<\/strong><\/span><\/p>  <p><span class=\"large\">S\u00f6z\u00fc Mehmet Akif\u2019in \u2018Hasbihal\u2019 \u015fiiriyle sonland\u0131ral\u0131m:<\/span><\/p>  <p><span class=\"large\">\u201cM\u00fcsevvifler i\u00e7in d\u00fcnyada mahvolmak tabiidir<br><\/span><span class=\"large\">Bu bir kanun-i f\u0131tratt\u0131r ki yok te\u2019v\u00eeli: Kat\u2019\u00eedir.\u201d<\/span><\/p>  <p><span class=\"large\">Yani bug\u00fcn\u00fcn i\u015fini yar\u0131na b\u0131rakan mahvolmaya mahk\u00fbmdur.<\/span><\/p>  <p><span class=\"large\">TBMM taraf\u0131ndan 2021 y\u0131l\u0131 \u2018\u0130stiklal Mar\u015f\u0131 Y\u0131l\u0131\u2019 ilan edildi.<\/span><\/p>  \t\t\t\t","slug":"mehmet-akif-ersoy","tags":"K\u00f6\u015fe Yaz\u0131s\u0131","meta_title":"Mehmet Akif Ersoy","meta_description":"H\u00fcseyin \u00d6zt\u00fcrk","meta_keywords":"K\u00f6\u015fe Yaz\u0131s\u0131","news_cover_min":null,"news_cover":null,"news_video_min":null,"news_video":null,"view_count":1558,"cropped_1200x675":null,"user":{"id":3,"name":"H\u00dcSEY\u0130N","surname":"\u00d6ZT\u00dcRK","email":"ada.tokatlioglu@turk.net","slug":"huseyin-ozturk","avatar":"\/front\/uploads\/avatar\/1733691600d1camTRk8GL2Xc5.webp","status":1,"role":1,"email_verified_at":null,"orde":null,"created_at":"2022-09-15T09:39:41.000000Z","updated_at":"2024-12-18T14:51:11.000000Z","seo_title":null,"seo_description":null},"translations":[{"id":24009,"is_featured":0,"is_amp":0,"is_ads":0,"ads_link":null,"post_id":23910,"locale":"tr","category_id":73,"title":"Mehmet Akif Ersoy","home_title":null,"sub_title":null,"slider_title":null,"slider_title_2":null,"slider_spot_title":null,"slider_spot_title_2":null,"subtitleuse":0,"description":null,"content":"  \t\t\t\t\t  \t\t\t\t\t<p style=\"text-align: right;\"><span class=\"large\"><strong>H\u00fcseyin \u00d6zt\u00fcrk<\/strong><\/span><\/p>  <p><span class=\"large\">\u2018\u0130stiklal Mar\u015f\u0131 ve \u00c7anakkale \u015eehitlerine\u2019 \u015fiiriyle milli ve manevi de\u011ferlerimizi ayakta tutan, milli m\u00fccadele-nin b\u00fcy\u00fck emektarla-r\u0131ndan Mehmet Akif Ersoy, 20 Aral\u0131k 1873\u2019te Fatih\u2019te d\u00fcnyaya gelir.<\/span><\/p>  <p><span class=\"large\">1936 y\u0131l\u0131n\u0131n 27 Aral\u0131k g\u00fcn\u00fc ise Beyo\u011flu M\u0131s\u0131r Apartman\u0131\u2019nda vefat eder. 28 Aral\u0131k g\u00fcn\u00fc de Edirnekap\u0131 \u015eehitli\u011fi\u2019nde ebedi \u00e2leme u\u011furlan\u0131r. B\u00fcy\u00fck \u015fairimizin bu y\u0131l vefat\u0131n\u0131n 84. seneyi devriyesi. Kendisini rahmetle an\u0131yoruz. Mehmet Akif denilince akla devlet-millet kalk\u0131nmas\u0131, birlik ve beraberli\u011fimiz gelir.<\/span><\/p>  <p><span class=\"large\">B\u00fct\u00fcn hayat\u0131n\u0131 bu inan\u00e7 ve anlay\u0131\u015f \u00fczerine teksif etmi\u015f ve onun \u00f6nceli\u011fi, hi\u00e7bir itiraz ve engel tan\u0131madan; \u2018\u00e7al\u0131\u015fmak, \u00e7al\u0131\u015fmak, \u00e7al\u0131\u015fmak\u2019 \u015fart\u0131 olmu\u015ftur.<\/span><\/p>  <p><span class=\"large\">\u00c7ocukluk ve gen\u00e7lik y\u0131llar\u0131 da d\u00e2hil olmak \u00fczere 63 y\u0131ll\u0131k \u00f6mr\u00fc; \u00e7al\u0131\u015fma, gayret ve azimli olmak \u00fczerine ge\u00e7mi\u015ftir. Azmin, gayretin, \u00e7al\u0131\u015fman\u0131n yer almad\u0131\u011f\u0131 bir tek \u015fiiri yoktur. Bug\u00fcn baz\u0131 \u015fiirlerinden \u00f6rnekler hat\u0131rlataca\u011f\u0131z. Safahat Birinci Kitab\u0131\u2019ndaki Hasbihal \u015fiirinden \u015fu iki m\u0131sra\u0131 nakledelim: <\/span><\/p>  <p><span class=\"large\">\u201cAtalet f\u0131trat\u0131n ahk\u00e2m\u0131na mademki isyand\u0131r;<\/span><br><span class=\"large\"> \u00c7al\u0131\u015fs\u0131n, durmas\u0131n her kim ki davas\u0131nda insand\u0131r.\u201d<\/span><\/p>  <p><span class=\"large\">Bu iki m\u0131sra\u0131 bile kendisini insan sayan herkes i\u00e7in \u00f6nemli bir ikazd\u0131r. Ataletin, tembelli\u011fin, bo\u015f vermi\u015fli\u011fin insan\u0131n yarat\u0131l\u0131\u015f\u0131na isyan oldu\u011funu anlat\u0131yor. <\/span><\/p>  <p><span class=\"large\"><strong>***<\/strong><\/span><\/p>  <p><span class=\"large\">Vaiz K\u00fcrs\u00fcs\u00fc \u015fiirindeki \u015fu m\u0131sralar da yine \u00e7al\u0131\u015fman\u0131n \u00f6nemini vurguluyor:<\/span><\/p>  <p><span class=\"large\">\u201cBekay\u0131 hak tan\u0131yan, sa\u2019yi bir vazife bilir<\/span><br><span class=\"large\"> \u00c7al\u0131\u015f, \u00e7al\u0131\u015f ki beka sa\u2019y olursa hak edilir.\u201d<\/span><\/p>  <p><span class=\"large\">Millet ve devlet olarak bekam\u0131z\u0131n teminat\u0131 \u00fczerimize vazifeli i\u015fleri hakk\u0131yla yapmak ve \u00e7al\u0131\u015fmaya ba\u011fl\u0131d\u0131r. \u2018Seyfi Baba\u2019 \u015fiiri de ayn\u0131 mevzu \u00fczerinedir. Seyfi Baba\u2019n\u0131n \u00fczerinden \u00e7al\u0131\u015fman\u0131n vazge\u00e7ilmezli\u011fini \u015f\u00f6yle anlat\u0131r:<\/span><\/p>  <p><span class=\"large\">\u201cKim kazanmazsa bu d\u00fcnyada bir ekmek paras\u0131<\/span><br><span class=\"large\"> Dostunun y\u00fczkaras\u0131, d\u00fc\u015fman\u0131n\u0131n maskaras\u0131\u2026\u201d<\/span><\/p>  <p><span class=\"large\">Namerde muhta\u00e7 olmamak, bizim r\u0131z\u0131k medeniyetimizin temel de\u011ferlerindendir. Namerde muhta\u00e7 olmak tembelli\u011fi getirir, tembellik de \u00e7ok ge\u00e7meden kurumla\u015farak kendisine mek\u00e2nlar olu\u015fturur, b\u00fct\u00fcn k\u00f6t\u00fcl\u00fckler de bu mek\u00e2nlardan yay\u0131l\u0131r.<\/span><\/p>  <p><span class=\"large\"><strong>***<\/strong><\/span><\/p>  <p><span class=\"large\">Mehmet Akif, insan\u0131n feraset sahibi oldu\u011funu ve uyan\u0131k olmas\u0131 gerekti\u011fini, k\u00e2inat\u0131n bo\u015fluk kabul etmedi\u011fini ve mutlaka doldurulaca\u011f\u0131n\u0131, bu sebeple ki\u015finin kendisini geli\u015ftirmek ve \u00e7al\u0131\u015fmak i\u00e7in s\u00fcrekli zinde tutmas\u0131 gerekti\u011fini \u00f6\u011f\u00fctler. Mehmet Akif\u2019e g\u00f6re ge\u00e7mi\u015fe tak\u0131l\u0131p kalarak, gelecekten de endi\u015fe etmenin insan\u0131 hasta edece\u011fini, ruhuna ve akl\u0131na zarar verece\u011fini ifade ederek yine bir \u015fiirinde \u015f\u00f6yle der:<\/span><\/p>  <p><span class=\"large\">\u201cSak\u0131n ey nur-\u0131 didem, ge\u00e7mesin beyhude eyyam\u0131n<br><\/span><span class=\"large\">\u00c7al\u0131\u015f halin m\u00fcsaitken\u2026 Bilinmez \u00e7\u00fcnk\u00fc encam\u0131n\u2026\u201d<\/span><\/p>  <p><span class=\"large\">San\u0131r\u0131m bu ikaz\u0131n daha \u00f6tesi yoktur.<\/span><\/p>  <p><span class=\"large\">Burada \u015fiirde g\u00fcn\u00fcm\u00fcz T\u00fcrk\u00e7esiyle anla\u015f\u0131lmayan k\u0131s\u0131mlar\u0131 a\u00e7\u0131klamak m\u00fcmk\u00fcn ama hani mevzumuz \u00e7al\u0131\u015fma \u00fczerine ya, dostlar\u0131m\u0131z s\u00f6zl\u00fck kullanarak manalar\u0131n\u0131 bulabilirler.<\/span><\/p>  <p><span class=\"large\">Akif\u2019in b\u00fct\u00fcn derdi tasas\u0131, hayat\u0131n\u0131n ba\u015f\u0131, ortas\u0131, sonu, memleketimizin ve milletimizin kalk\u0131nmas\u0131 \u00fczerinedir.<\/span><\/p>  <p><span class=\"large\">Bunun i\u00e7in de tembelli\u011fi bu d\u00fcnyan\u0131n Cehennemi, \u00e7al\u0131\u015fmay\u0131 Cenneti olarak temsil ederek \u015f\u00f6yle s\u00f6yler: \u201cBilelim ki, \u00e7al\u0131\u015fmadan hayat\u0131m\u0131z\u0131n idamesi ve ilerlemek imk\u00e2ns\u0131zd\u0131r. \u00c7al\u0131\u015fmayan\u0131n d\u00fcnyas\u0131 da ahireti de karanl\u0131k olacakt\u0131r. Bu \u00e2lem-i hayatta insanlar t\u00fcrl\u00fc t\u00fcrl\u00fc s\u0131k\u0131nt\u0131lar \u00e7eker, t\u00fcrl\u00fc t\u00fcrl\u00fc musibetlere d\u00fc\u015ferler. \u015eayet yeis getirirlerse, (korku ve endi\u015feye kap\u0131l\u0131rlarsa) \u00e7al\u0131\u015fmay\u0131 b\u0131rakacaklar\u0131 i\u00e7in mahvolup giderler. Yok, o s\u0131k\u0131nt\u0131dan kurtulmak ve felaketi yenmek i\u00e7in u\u011fra\u015f\u0131rlarsa, sonunda muvaffak olurlar.\u201d Dolay\u0131s\u0131yla Mehmet Akif\u2019e g\u00f6re millet-devlet olarak kalk\u0131nmam\u0131z\u0131n ve istiklalimizin \u00e7aresi tektir: \u00c7al\u0131\u015fmak\u2026 \u00c7al\u0131\u015fmak\u2026 \u00c7al\u0131\u015fmak\u2026<\/span><\/p>  <p><span class=\"large\"><strong>***<\/strong><\/span><\/p>  <p><span class=\"large\">S\u00f6z\u00fc Mehmet Akif\u2019in \u2018Hasbihal\u2019 \u015fiiriyle sonland\u0131ral\u0131m:<\/span><\/p>  <p><span class=\"large\">\u201cM\u00fcsevvifler i\u00e7in d\u00fcnyada mahvolmak tabiidir<br><\/span><span class=\"large\">Bu bir kanun-i f\u0131tratt\u0131r ki yok te\u2019v\u00eeli: Kat\u2019\u00eedir.\u201d<\/span><\/p>  <p><span class=\"large\">Yani bug\u00fcn\u00fcn i\u015fini yar\u0131na b\u0131rakan mahvolmaya mahk\u00fbmdur.<\/span><\/p>  <p><span class=\"large\">TBMM taraf\u0131ndan 2021 y\u0131l\u0131 \u2018\u0130stiklal Mar\u015f\u0131 Y\u0131l\u0131\u2019 ilan edildi.<\/span><\/p>  \t\t\t\t","slug":"mehmet-akif-ersoy","orjinalimage":null,"news_cover_min":null,"news_cover":null,"news_video_min":null,"news_video":null,"cropped_638x552":null,"cropped_310x208":null,"cropped_416x247":null,"cropped_197x247":null,"cropped_416x600":null,"cropped_1200x675":null,"tags":"K\u00f6\u015fe Yaz\u0131s\u0131","meta_title":"Mehmet Akif Ersoy","meta_description":"H\u00fcseyin \u00d6zt\u00fcrk","meta_keywords":"K\u00f6\u015fe Yaz\u0131s\u0131","view_count":1558,"yt":0,"ytid":"","ytimage":null,"imgdate":"2000-01-01 00:00:00","cuff_cover":null,"cropped_358x214":null,"cropped_842x474":null}]}}