{"status":true,"post":{"id":23009,"user_id":11,"status":1,"type":1,"orde":null,"notification_type":3,"static_post":0,"published_at":"2022-10-24 14:23:43","created_at":"2020-09-17T21:00:00.000000Z","updated_at":"2022-10-24T11:23:43.000000Z","edited_at":"2024-12-17 22:35:21","source_id":null,"post_id":23009,"is_featured":0,"title":"\u2018K\u00fcresel \u00fcretim\u2019de ka\u00e7\u0131n\u0131lmaz d\u00f6n\u00fc\u015f\u00fcm","slider_title":null,"slider_title_2":null,"slider_spot_title":null,"slider_spot_title_2":null,"home_title":null,"sub_title":null,"category_id":73,"description":null,"content":"  \t\t\t\t\t  \t\t\t\t\t<p style=\"text-align: right;\"><span class=\"large\"><strong>Prof. Dr. Kerem Alkin<\/strong><\/span><br><span class=\"large\"> <strong><\/strong><\/span><\/p>  <p><span class=\"large\">\u00d6nce \u2018Covid-19\u2019 salg\u0131n\u0131n\u0131n d\u00fcnya ekonomisi, k\u00fcresel ticaret ve uluslararas\u0131 finans piyasalar\u0131 \u00fczerindeki olumsuz etkilerinin, sonras\u0131nda ise bu olumsuz etkilerin nas\u0131l bertaraf edilece\u011finin a\u011f\u0131rl\u0131kl\u0131 olarak konu\u015fuldu\u011fu bir g\u00fcndemde, \u2018gelece\u011fin d\u00fcnyas\u0131\u2019na yeterince odaklanam\u0131yor olabiliriz. Bununla birlikte k\u00fcresel iklim de\u011fi\u015fikli\u011fi ve s\u0131cakl\u0131k art\u0131\u015f\u0131, \u00e7evre kirlili\u011fi, \u2018s\u00fcrd\u00fcr\u00fclemez\u2019 durumdaki yer alt\u0131 ve yer \u00fcst\u00fc kaynaklar\u0131 kullan\u0131m\u0131 mevcut haliyle devam eder ise \u00e7ok de\u011fil, 10 y\u0131l sonra, 2030\u2019da bizi \u00e7ok a\u011f\u0131r ya\u015fam ko\u015fullar\u0131n\u0131n bekledi\u011fini bilmemiz gerekiyor.<\/span><\/p>  <p><span class=\"large\"><strong>ULUSLARARASI \u0130\u015eB\u0130RL\u0130\u011e\u0130<\/strong><\/span><\/p>  <p><span class=\"large\">Bu nedenle, tar\u0131mda, imalat sanayinde, in\u015faat, enerji ve hizmetler sekt\u00f6r\u00fcnde \u2018s\u0131f\u0131r at\u0131k\u2019, \u2018temiz ve ye\u015fil \u00fcretim\u2019, \u2018s\u00fcrd\u00fcr\u00fclebilir ve ye\u015fil b\u00fcy\u00fcme\u2019 kavramlar\u0131na tam anlam\u0131yla odaklanm\u0131\u015f, ilk a\u015famas\u0131 \u00f6n\u00fcm\u00fczdeki 10 y\u0131l\u0131; daha kapsaml\u0131 a\u015famas\u0131 ise \u00f6n\u00fcm\u00fczdeki 25 y\u0131l\u0131 kapsayacak bir d\u00f6nem bizi bekliyor. Bu s\u00fcre\u00e7te, \u00fclkeler ve \u015firketler i\u00e7in \u2018ye\u015fil teknoloji\u2019yi, \u2018ak\u0131ll\u0131 \u00fcretim\u2019 ve \u2018ak\u0131ll\u0131 ya\u015fam\u2019 teknolojilerini kendine saklamak, bundan \u2018bencilce\u2019 menfaat elde etmek giderek zorla\u015facak. \u00c7\u00fcnk\u00fc, h\u0131zla \u2018zehirlenen\u2019 d\u00fcnyan\u0131n sebep oldu\u011fu tehditler o kadar h\u0131zl\u0131 bir k\u00fcresel etkiye sebep olacak ki, geli\u015fmi\u015f \u00fclkeler ile geli\u015fmekte olan \u00fclkeler aras\u0131ndaki teknoloji d\u00fczeyi \u2018adaletsizli\u011fi\u2019, \u2018ekolojik dengesizlik\u2019 gelip geli\u015fmi\u015f \u00fclkeleri de vuracak.<\/span><\/p>  <p><span class=\"large\">Bu nedenle, \u2018Covid-19\u2019un sebep oldu\u011fu k\u00fcresel \u00e7aptaki uyar\u0131 sonras\u0131nda, uluslararas\u0131 i\u015f d\u00fcnyas\u0131n\u0131 toplum ve ekonomi yarar\u0131na \u2018k\u00f6kl\u00fc\u2019 bir d\u00f6n\u00fc\u015f\u00fcm s\u00fcreci bekliyor. \u2018Tam \u015feffafl\u0131k\u2019a, \u2018daha y\u00fcksek standart\u2019lara, \u2018daha ilerici, inovatif teknoloji geli\u015ftirme\u2019ye ve \u2018bilgiyi ve veriyi daha payla\u015f\u0131mc\u0131\u2019 bir uluslararas\u0131 i\u015f d\u00fcnyas\u0131 in\u015fa etmek \u00fczere yo\u011fun bir i\u015fbirli\u011fi s\u00fcreci, hali haz\u0131rda pek \u00e7ok uluslararas\u0131 kurum ve \u015firketin \u00e7oktan birinci \u00f6ncelikli g\u00fcndemi olmu\u015f durumda. G\u00fcn\u00fcm\u00fczde yekpare bir \u00fcretim anlay\u0131\u015f\u0131n\u0131 d\u00fcnyaya empoze etmenin m\u00fcmk\u00fcn olmad\u0131\u011f\u0131 bir s\u00fcrecin i\u00e7inden ge\u00e7iyoruz.<\/span><\/p>  <p><span class=\"large\"><strong>YEN\u0130 NES\u0130L M\u0130LL\u0130 EKONOM\u0130<\/strong><\/span><\/p>  <p><span class=\"large\">T\u00fcrkiye, \u2018dijitalle\u015fme ve bilgi g\u00fcc\u00fc\u2019, \u2018savunma ve g\u00fcvenlik\u2019 ve \u2018enerji\u2019 alanlar\u0131nda kendi kendine yetebilen bir \u00fclke olman\u0131n gerektirdi\u011fi \u2018yerli-milli\u2019 donan\u0131m ve yaz\u0131l\u0131m teknolojileri, yat\u0131r\u0131mlar\u0131 ad\u0131na son 10 y\u0131ld\u0131r \u2018tarihi\u2019 ba\u015far\u0131lara imza at\u0131yor. T\u00fcrkiye, bu y\u00f6n\u00fcyle, \u2018ye\u015fil ve s\u00fcrd\u00fcr\u00fclebilir b\u00fcy\u00fcme\u2019 i\u00e7in gerekli olan \u2018ye\u015fil teknolojsi\u2019ni, \u2018ak\u0131ll\u0131 \u00fcretim ve ak\u0131ll\u0131 ya\u015fam\u2019 i\u00e7in gerekli olan \u2018ak\u0131ll\u0131 teknolojiler\u2019i, tar\u0131m, sanayi, in\u015faat, enerji, ula\u015ft\u0131rma, lojistik, finansal hizmetler gibi stratejik alanlara h\u0131zla adapte edebilecek; bu konuda d\u00fcnyaya y\u00fcksek katma de\u011ferli teknoloji ihra\u00e7 edebilecek b\u00fcy\u00fck bir potansiyelin \u00fczerinde duruyor.<\/span><\/p>  <p><span class=\"large\">Yeni nesil e\u011fitim s\u00fcre\u00e7leri, yeni nesil finansman y\u00f6ntemleri ve yeni nesil inovasyon ekosistemi ile s\u00fcrd\u00fcr\u00fclebilir insan k\u0131ymetleri, s\u00fcrd\u00fcr\u00fclebilir yat\u0131r\u0131m ortam\u0131 ile k\u00fcresel sistemin en cazip \u2018\u00fcretim merkezi\u2019 olabiliriz. \u0130\u015fte, o zaman \u2018yeni nesil milli ekonomi\u2019nin in\u015fas\u0131n\u0131n pozitif sonu\u00e7lar\u0131 toplumun her kesimine yans\u0131yacak.<\/span><\/p>  <p><span class=\"large\"><strong>\u2018BEL\u0130RS\u0130ZL\u0130K \u00c7A\u011eI\u2019NDA EKONOM\u0130 Y\u00d6NET\u0130M\u0130<\/strong><\/span><\/p>  <p><span class=\"large\">\u2018So\u011fuk Sava\u015f\u2019 d\u00f6neminin kendine \u00f6zg\u00fc kurgusunda, hesapta \u2018Bat\u0131\u2019 ile \u2018Do\u011fu\u2019 Bloku aras\u0131nda 3. bir \u2018D\u00fcnya Sava\u015f\u0131\u2019 \u00e7\u0131kaca\u011f\u0131na dair tevat\u00fcr, iddia ve senaryolar havada u\u00e7u\u015fsa da, esasen \u2018\u0130ki Kutuplu D\u00fcnya\u2019 modelinde her \u015fey daha \u2018belirgin\u2019di. 1990\u2019larla birlikte \u2018Berlin Duvar\u0131\u2019 ve \u2018Do\u011fu Bloku\u2019 y\u0131k\u0131ld\u0131ktan sonra ABD\u2019nin g\u00fcd\u00fcm\u00fcndeki \u2018Tek Kutuplu D\u00fcnya\u2019da sanki her \u015fey \u2018daha da belirgin\u2019 olacak zannedilirken, uluslararas\u0131 ter\u00f6r ve su\u00e7 \u00f6rg\u00fctlerinin g\u00fc\u00e7lerini katlamas\u0131yla bu illegal \u00f6rg\u00fctler \u00fczerinden y\u00fcr\u00fct\u00fclen \u2018vesayet sava\u015flar\u0131\u2019n\u0131n t\u00fcm d\u00fcnyay\u0131 ate\u015fe vermesiyle kendimizi \u2018asimetrik tehditler ve belirsizlikler\u2019 d\u00f6nemi i\u00e7erisinde bulduk.<\/span><\/p>  <p><span class=\"large\">\u00dclkelerin ekonomi y\u00f6netimlerinin b\u00fct\u00fcn\u00fc, \u00f6nde gelen merkez bankalar\u0131, bu derinle\u015fen \u2018belirsizlik \u00e7a\u011f\u0131\u2019n\u0131 \u2018ortodoks\u2019, yani klasikle\u015fmi\u015f, ezberlenmi\u015f, rutinle\u015fmi\u015f ekonomik yakla\u015f\u0131mlarla atlatamayacaklar\u0131n\u0131n, \u00e7\u00f6z\u00fcm \u00fcretemeyeceklerinin fark\u0131nda. Bu d\u00f6nem \u2018heterodoks\u2019, \u2018al\u0131\u015f\u0131lm\u0131\u015f\u0131n \u00f6tesine ge\u00e7ecek\u2019 tedbirlerin, politika ara\u00e7lar\u0131n\u0131n, stratejilerin uygulanmas\u0131 gereken bir d\u00f6nem. Bu nedenle merkez bankalar\u0131 her t\u00fcrl\u00fc imkan\u0131, yakla\u015f\u0131m\u0131 seferber etmi\u015f durumda. Bu k\u00fcresel tablonun b\u00fct\u00fcn\u00fcn\u00fcn T\u00fcrkiye i\u00e7in de ge\u00e7erli oldu\u011fu ger\u00e7e\u011finden hareketle, \u2018ortodoks\u2019, \u2018ezberlenmi\u015f\u2019 \u00e7\u00f6z\u00fcm, metot ve yakla\u015f\u0131mlar\u0131n art\u0131k terk edilmesi gerekti\u011fini savunuyoruz.<\/span><\/p>  <p><span class=\"large\">Ekonomi y\u00f6netiminin b\u00fcy\u00fcme, istihdam, ihracat, fiyat istikrar\u0131 ve finansal istikrara y\u00f6nelik her t\u00fcrl\u00fc para ve maliye politikas\u0131 arac\u0131n\u0131, her t\u00fcrl\u00fc \u2018direkt kontrol politikas\u0131\u2019 arac\u0131n\u0131 \u2018ak\u00fcm\u00fcle\u2019 etti\u011fi bir s\u00fcre\u00e7te, \u2018belirsizlik \u00e7a\u011f\u0131\u2019n\u0131 g\u00f6rmezden gelerek ele\u015ftirmek yerine, \u2018heterodoks\u2019, al\u0131\u015f\u0131lm\u0131\u015f\u0131n d\u0131\u015f\u0131nda \u00e7\u00f6z\u00fcmlere odaklanmam\u0131z gereken bir d\u00f6nemdeyiz. \u2018Kurumlar\u0131n itibar\u0131\u2019 de\u011fil, esas biz \u2018iktisat\u00e7\u0131lar\u0131n itibar\u0131\u2019 tehlikede.<\/span><\/p>  \t\t\t\t","slug":"kuresel-uretimde-kacinilmaz-donusum","tags":"K\u00f6\u015fe Yaz\u0131s\u0131","meta_title":"\u2018K\u00fcresel \u00fcretim\u2019de ka\u00e7\u0131n\u0131lmaz d\u00f6n\u00fc\u015f\u00fcm","meta_description":"Prof. Dr. Kerem Alkin","meta_keywords":"K\u00f6\u015fe Yaz\u0131s\u0131","news_cover_min":null,"news_cover":null,"news_video_min":null,"news_video":null,"view_count":1071,"cropped_1200x675":null,"user":{"id":11,"name":"KEREM","surname":"ALK\u0130N","email":"irem05@daglaroglu.com","slug":"prof-dr-kerem-alkin","avatar":"\/front\/uploads\/avatar\/17336916000GNrERW0ucj2Ja7.webp","status":1,"role":1,"email_verified_at":null,"orde":null,"created_at":"2022-09-15T09:39:41.000000Z","updated_at":"2024-12-18T09:50:43.000000Z","seo_title":null,"seo_description":null},"translations":[{"id":23108,"is_featured":0,"is_amp":0,"is_ads":0,"ads_link":null,"post_id":23009,"locale":"tr","category_id":73,"title":"\u2018K\u00fcresel \u00fcretim\u2019de ka\u00e7\u0131n\u0131lmaz d\u00f6n\u00fc\u015f\u00fcm","home_title":null,"sub_title":null,"slider_title":null,"slider_title_2":null,"slider_spot_title":null,"slider_spot_title_2":null,"subtitleuse":0,"description":null,"content":"  \t\t\t\t\t  \t\t\t\t\t<p style=\"text-align: right;\"><span class=\"large\"><strong>Prof. Dr. Kerem Alkin<\/strong><\/span><br><span class=\"large\"> <strong><\/strong><\/span><\/p>  <p><span class=\"large\">\u00d6nce \u2018Covid-19\u2019 salg\u0131n\u0131n\u0131n d\u00fcnya ekonomisi, k\u00fcresel ticaret ve uluslararas\u0131 finans piyasalar\u0131 \u00fczerindeki olumsuz etkilerinin, sonras\u0131nda ise bu olumsuz etkilerin nas\u0131l bertaraf edilece\u011finin a\u011f\u0131rl\u0131kl\u0131 olarak konu\u015fuldu\u011fu bir g\u00fcndemde, \u2018gelece\u011fin d\u00fcnyas\u0131\u2019na yeterince odaklanam\u0131yor olabiliriz. Bununla birlikte k\u00fcresel iklim de\u011fi\u015fikli\u011fi ve s\u0131cakl\u0131k art\u0131\u015f\u0131, \u00e7evre kirlili\u011fi, \u2018s\u00fcrd\u00fcr\u00fclemez\u2019 durumdaki yer alt\u0131 ve yer \u00fcst\u00fc kaynaklar\u0131 kullan\u0131m\u0131 mevcut haliyle devam eder ise \u00e7ok de\u011fil, 10 y\u0131l sonra, 2030\u2019da bizi \u00e7ok a\u011f\u0131r ya\u015fam ko\u015fullar\u0131n\u0131n bekledi\u011fini bilmemiz gerekiyor.<\/span><\/p>  <p><span class=\"large\"><strong>ULUSLARARASI \u0130\u015eB\u0130RL\u0130\u011e\u0130<\/strong><\/span><\/p>  <p><span class=\"large\">Bu nedenle, tar\u0131mda, imalat sanayinde, in\u015faat, enerji ve hizmetler sekt\u00f6r\u00fcnde \u2018s\u0131f\u0131r at\u0131k\u2019, \u2018temiz ve ye\u015fil \u00fcretim\u2019, \u2018s\u00fcrd\u00fcr\u00fclebilir ve ye\u015fil b\u00fcy\u00fcme\u2019 kavramlar\u0131na tam anlam\u0131yla odaklanm\u0131\u015f, ilk a\u015famas\u0131 \u00f6n\u00fcm\u00fczdeki 10 y\u0131l\u0131; daha kapsaml\u0131 a\u015famas\u0131 ise \u00f6n\u00fcm\u00fczdeki 25 y\u0131l\u0131 kapsayacak bir d\u00f6nem bizi bekliyor. Bu s\u00fcre\u00e7te, \u00fclkeler ve \u015firketler i\u00e7in \u2018ye\u015fil teknoloji\u2019yi, \u2018ak\u0131ll\u0131 \u00fcretim\u2019 ve \u2018ak\u0131ll\u0131 ya\u015fam\u2019 teknolojilerini kendine saklamak, bundan \u2018bencilce\u2019 menfaat elde etmek giderek zorla\u015facak. \u00c7\u00fcnk\u00fc, h\u0131zla \u2018zehirlenen\u2019 d\u00fcnyan\u0131n sebep oldu\u011fu tehditler o kadar h\u0131zl\u0131 bir k\u00fcresel etkiye sebep olacak ki, geli\u015fmi\u015f \u00fclkeler ile geli\u015fmekte olan \u00fclkeler aras\u0131ndaki teknoloji d\u00fczeyi \u2018adaletsizli\u011fi\u2019, \u2018ekolojik dengesizlik\u2019 gelip geli\u015fmi\u015f \u00fclkeleri de vuracak.<\/span><\/p>  <p><span class=\"large\">Bu nedenle, \u2018Covid-19\u2019un sebep oldu\u011fu k\u00fcresel \u00e7aptaki uyar\u0131 sonras\u0131nda, uluslararas\u0131 i\u015f d\u00fcnyas\u0131n\u0131 toplum ve ekonomi yarar\u0131na \u2018k\u00f6kl\u00fc\u2019 bir d\u00f6n\u00fc\u015f\u00fcm s\u00fcreci bekliyor. \u2018Tam \u015feffafl\u0131k\u2019a, \u2018daha y\u00fcksek standart\u2019lara, \u2018daha ilerici, inovatif teknoloji geli\u015ftirme\u2019ye ve \u2018bilgiyi ve veriyi daha payla\u015f\u0131mc\u0131\u2019 bir uluslararas\u0131 i\u015f d\u00fcnyas\u0131 in\u015fa etmek \u00fczere yo\u011fun bir i\u015fbirli\u011fi s\u00fcreci, hali haz\u0131rda pek \u00e7ok uluslararas\u0131 kurum ve \u015firketin \u00e7oktan birinci \u00f6ncelikli g\u00fcndemi olmu\u015f durumda. G\u00fcn\u00fcm\u00fczde yekpare bir \u00fcretim anlay\u0131\u015f\u0131n\u0131 d\u00fcnyaya empoze etmenin m\u00fcmk\u00fcn olmad\u0131\u011f\u0131 bir s\u00fcrecin i\u00e7inden ge\u00e7iyoruz.<\/span><\/p>  <p><span class=\"large\"><strong>YEN\u0130 NES\u0130L M\u0130LL\u0130 EKONOM\u0130<\/strong><\/span><\/p>  <p><span class=\"large\">T\u00fcrkiye, \u2018dijitalle\u015fme ve bilgi g\u00fcc\u00fc\u2019, \u2018savunma ve g\u00fcvenlik\u2019 ve \u2018enerji\u2019 alanlar\u0131nda kendi kendine yetebilen bir \u00fclke olman\u0131n gerektirdi\u011fi \u2018yerli-milli\u2019 donan\u0131m ve yaz\u0131l\u0131m teknolojileri, yat\u0131r\u0131mlar\u0131 ad\u0131na son 10 y\u0131ld\u0131r \u2018tarihi\u2019 ba\u015far\u0131lara imza at\u0131yor. T\u00fcrkiye, bu y\u00f6n\u00fcyle, \u2018ye\u015fil ve s\u00fcrd\u00fcr\u00fclebilir b\u00fcy\u00fcme\u2019 i\u00e7in gerekli olan \u2018ye\u015fil teknolojsi\u2019ni, \u2018ak\u0131ll\u0131 \u00fcretim ve ak\u0131ll\u0131 ya\u015fam\u2019 i\u00e7in gerekli olan \u2018ak\u0131ll\u0131 teknolojiler\u2019i, tar\u0131m, sanayi, in\u015faat, enerji, ula\u015ft\u0131rma, lojistik, finansal hizmetler gibi stratejik alanlara h\u0131zla adapte edebilecek; bu konuda d\u00fcnyaya y\u00fcksek katma de\u011ferli teknoloji ihra\u00e7 edebilecek b\u00fcy\u00fck bir potansiyelin \u00fczerinde duruyor.<\/span><\/p>  <p><span class=\"large\">Yeni nesil e\u011fitim s\u00fcre\u00e7leri, yeni nesil finansman y\u00f6ntemleri ve yeni nesil inovasyon ekosistemi ile s\u00fcrd\u00fcr\u00fclebilir insan k\u0131ymetleri, s\u00fcrd\u00fcr\u00fclebilir yat\u0131r\u0131m ortam\u0131 ile k\u00fcresel sistemin en cazip \u2018\u00fcretim merkezi\u2019 olabiliriz. \u0130\u015fte, o zaman \u2018yeni nesil milli ekonomi\u2019nin in\u015fas\u0131n\u0131n pozitif sonu\u00e7lar\u0131 toplumun her kesimine yans\u0131yacak.<\/span><\/p>  <p><span class=\"large\"><strong>\u2018BEL\u0130RS\u0130ZL\u0130K \u00c7A\u011eI\u2019NDA EKONOM\u0130 Y\u00d6NET\u0130M\u0130<\/strong><\/span><\/p>  <p><span class=\"large\">\u2018So\u011fuk Sava\u015f\u2019 d\u00f6neminin kendine \u00f6zg\u00fc kurgusunda, hesapta \u2018Bat\u0131\u2019 ile \u2018Do\u011fu\u2019 Bloku aras\u0131nda 3. bir \u2018D\u00fcnya Sava\u015f\u0131\u2019 \u00e7\u0131kaca\u011f\u0131na dair tevat\u00fcr, iddia ve senaryolar havada u\u00e7u\u015fsa da, esasen \u2018\u0130ki Kutuplu D\u00fcnya\u2019 modelinde her \u015fey daha \u2018belirgin\u2019di. 1990\u2019larla birlikte \u2018Berlin Duvar\u0131\u2019 ve \u2018Do\u011fu Bloku\u2019 y\u0131k\u0131ld\u0131ktan sonra ABD\u2019nin g\u00fcd\u00fcm\u00fcndeki \u2018Tek Kutuplu D\u00fcnya\u2019da sanki her \u015fey \u2018daha da belirgin\u2019 olacak zannedilirken, uluslararas\u0131 ter\u00f6r ve su\u00e7 \u00f6rg\u00fctlerinin g\u00fc\u00e7lerini katlamas\u0131yla bu illegal \u00f6rg\u00fctler \u00fczerinden y\u00fcr\u00fct\u00fclen \u2018vesayet sava\u015flar\u0131\u2019n\u0131n t\u00fcm d\u00fcnyay\u0131 ate\u015fe vermesiyle kendimizi \u2018asimetrik tehditler ve belirsizlikler\u2019 d\u00f6nemi i\u00e7erisinde bulduk.<\/span><\/p>  <p><span class=\"large\">\u00dclkelerin ekonomi y\u00f6netimlerinin b\u00fct\u00fcn\u00fc, \u00f6nde gelen merkez bankalar\u0131, bu derinle\u015fen \u2018belirsizlik \u00e7a\u011f\u0131\u2019n\u0131 \u2018ortodoks\u2019, yani klasikle\u015fmi\u015f, ezberlenmi\u015f, rutinle\u015fmi\u015f ekonomik yakla\u015f\u0131mlarla atlatamayacaklar\u0131n\u0131n, \u00e7\u00f6z\u00fcm \u00fcretemeyeceklerinin fark\u0131nda. Bu d\u00f6nem \u2018heterodoks\u2019, \u2018al\u0131\u015f\u0131lm\u0131\u015f\u0131n \u00f6tesine ge\u00e7ecek\u2019 tedbirlerin, politika ara\u00e7lar\u0131n\u0131n, stratejilerin uygulanmas\u0131 gereken bir d\u00f6nem. Bu nedenle merkez bankalar\u0131 her t\u00fcrl\u00fc imkan\u0131, yakla\u015f\u0131m\u0131 seferber etmi\u015f durumda. Bu k\u00fcresel tablonun b\u00fct\u00fcn\u00fcn\u00fcn T\u00fcrkiye i\u00e7in de ge\u00e7erli oldu\u011fu ger\u00e7e\u011finden hareketle, \u2018ortodoks\u2019, \u2018ezberlenmi\u015f\u2019 \u00e7\u00f6z\u00fcm, metot ve yakla\u015f\u0131mlar\u0131n art\u0131k terk edilmesi gerekti\u011fini savunuyoruz.<\/span><\/p>  <p><span class=\"large\">Ekonomi y\u00f6netiminin b\u00fcy\u00fcme, istihdam, ihracat, fiyat istikrar\u0131 ve finansal istikrara y\u00f6nelik her t\u00fcrl\u00fc para ve maliye politikas\u0131 arac\u0131n\u0131, her t\u00fcrl\u00fc \u2018direkt kontrol politikas\u0131\u2019 arac\u0131n\u0131 \u2018ak\u00fcm\u00fcle\u2019 etti\u011fi bir s\u00fcre\u00e7te, \u2018belirsizlik \u00e7a\u011f\u0131\u2019n\u0131 g\u00f6rmezden gelerek ele\u015ftirmek yerine, \u2018heterodoks\u2019, al\u0131\u015f\u0131lm\u0131\u015f\u0131n d\u0131\u015f\u0131nda \u00e7\u00f6z\u00fcmlere odaklanmam\u0131z gereken bir d\u00f6nemdeyiz. \u2018Kurumlar\u0131n itibar\u0131\u2019 de\u011fil, esas biz \u2018iktisat\u00e7\u0131lar\u0131n itibar\u0131\u2019 tehlikede.<\/span><\/p>  \t\t\t\t","slug":"kuresel-uretimde-kacinilmaz-donusum","orjinalimage":null,"news_cover_min":null,"news_cover":null,"news_video_min":null,"news_video":null,"cropped_638x552":null,"cropped_310x208":null,"cropped_416x247":null,"cropped_197x247":null,"cropped_416x600":null,"cropped_1200x675":null,"tags":"K\u00f6\u015fe Yaz\u0131s\u0131","meta_title":"\u2018K\u00fcresel \u00fcretim\u2019de ka\u00e7\u0131n\u0131lmaz d\u00f6n\u00fc\u015f\u00fcm","meta_description":"Prof. Dr. Kerem Alkin","meta_keywords":"K\u00f6\u015fe Yaz\u0131s\u0131","view_count":1071,"yt":0,"ytid":"","ytimage":null,"imgdate":"2000-01-01 00:00:00","cuff_cover":null,"cropped_358x214":null,"cropped_842x474":null}]}}