{"status":true,"post":{"id":23837,"user_id":1,"status":1,"type":1,"orde":null,"notification_type":3,"static_post":0,"published_at":"2022-10-24 14:33:51","created_at":"2020-12-10T21:00:00.000000Z","updated_at":"2022-10-24T11:33:51.000000Z","edited_at":"2024-12-17 22:35:21","source_id":null,"post_id":23837,"is_featured":0,"title":"D\u00fcnyada blokla\u015fma ihtimali g\u00fc\u00e7leniyor","slider_title":null,"slider_title_2":null,"slider_spot_title":null,"slider_spot_title_2":null,"home_title":null,"sub_title":null,"category_id":73,"description":null,"content":"  \t\t\t\t\t  \t\t\t\t\t<p style=\"text-align: right;\"><span class=\"large\"><strong>Hakan G\u00fclda\u011f<\/strong><\/span><br><span class=\"large\"> <strong><\/strong><\/span><\/p>  <p><span class=\"large\">D\u00fcnyada bizi etkileyen yeni e\u011filimler ve yap\u0131lar olu\u015fuyor. Dikkat kesilmemiz ve iyi okumam\u0131z laz\u0131m. <\/span><\/p>  <p><span class=\"large\">Mevcut yap\u0131lardan ba\u015flayal\u0131m. Asya Kalk\u0131nma Bankas\u0131\u2019n\u0131n \u00e7al\u0131\u015fma raporlar\u0131 bu konuda bize a\u00e7\u0131klay\u0131c\u0131 bir manzara sunuyor.<\/span><\/p>  <p><span class=\"large\">\u00d6zeti a\u015fa\u011f\u0131 yukar\u0131 \u015f\u00f6yle: <\/span><\/p>  <p><span class=\"large\">Bug\u00fcn d\u00fcnyada \u00fc\u00e7 temel k\u00fcresel de\u011fer zincirleri a\u011f\u0131 var. Bu \u00fc\u00e7 a\u011f, \u00fc\u00e7 merkez \u00fclke etraf\u0131nda \u015fekilleniyor: ABD, Almanya ve \u00c7in... <\/span><\/p>  <p><span class=\"large\">Merkezler durduk yere olu\u015fmuyor tabii. Ekonomilerinin b\u00fcy\u00fckl\u00fckleriyle, yetenek ve kapasiteleriyle, d\u00fcnyadaki di\u011fer \u00fclkelerle ileri ve geri ba\u011flant\u0131lar\u0131yla, k\u00fcresel de\u011fer zincirine kat\u0131l\u0131mda en iyi olmay\u0131 gerektiriyor.<\/span><\/p>  <p><span class=\"large\">Bug\u00fcn bunu sa\u011flayabilen \u00fc\u00e7 \u00fclke, ABD, \u00c7in ve Almanya... Bu merkez \u00fclkelerin etraf\u0131nda ikinci ve \u00fc\u00e7\u00fcnc\u00fc halkalar var. <\/span><\/p>  <p><span class=\"large\">Bir nevi suya at\u0131lan ta\u015f\u0131n olu\u015fturdu\u011fu hareler gibi... <\/span><\/p>  <p><span class=\"large\">K\u00fcresel de\u011fer zincirleri, dolay\u0131s\u0131yla \u00fcretim ve tedarik zincirleri nereden ge\u00e7iyor diye bakarsan\u0131z ilk halkada 16 \u00fclke g\u00f6r\u00fcn\u00fcyor. \u00dc\u00e7 temel zincire kat\u0131l\u0131mlar\u0131 bak\u0131m\u0131ndan farkl\u0131l\u0131k g\u00f6stermekle beraber bu 16 \u00fclke \u015f\u00f6yle:<\/span><\/p>  <p><span class=\"large\">Hollanda, \u0130ngiltere, \u0130talya, Fransa, \u0130spanya, Bel\u00e7ika, \u0130rlanda, Rusya, Kanada, Meksika, Hindistan, Singapur, Tayvan, G\u00fcney Kore, Japonya ve Avustralya...<\/span><br><span class=\"large\"> Bu 16 \u00fclke, \u00fc\u00e7 temel k\u00fcresel de\u011fer zincirine ba\u011flant\u0131lar\u0131 bak\u0131m\u0131ndan en kal\u0131n halkalar\u0131 olu\u015fturuyor. Merkezle ba\u011flant\u0131lar\u0131 bak\u0131m\u0131ndan \u00fc\u00e7\u00fcnc\u00fc halkada da yine 16 \u00fclke var. T\u00fcrkiye bu \u00fc\u00e7\u00fcnc\u00fc halkada yer al\u0131yor. Bizim d\u0131\u015f\u0131m\u0131zda \u00fc\u00e7\u00fcnc\u00fc halkada yer alan di\u011fer 15 \u00fclke ise \u015f\u00f6yle:<\/span><\/p>  <p><span class=\"large\">Danimarka, \u0130sve\u00e7, \u0130svi\u00e7re, \u00c7ekya, Avusturya, Polonya, Macaristan, Norve\u00e7, L\u00fcksemburg, Tayland, Malezya, Endonezya, Vietnam, Hong Kong ve Brezilya...<\/span><br><span class=\"large\"> D\u00fcnyan\u0131n en b\u00fcy\u00fck 35 ekonomisinin birbirleriyle ve s\u00f6z\u00fcn\u00fc etti\u011fimiz \u00fc\u00e7 merkezle ba\u011flant\u0131lar\u0131 farkl\u0131 a\u011f\u0131rl\u0131klara sahip. \u00d6rne\u011fin, Kanada ve Meksika kal\u0131n halkalarla ABD\u2019nin merkezinde yer ald\u0131\u011f\u0131 k\u00fcresel de\u011fer zincirine ba\u011fl\u0131. \u00dc\u00e7\u00fcnc\u00fc halkada yer alan Endonezya, \u00c7in merkezli de\u011fer zincirlerine, T\u00fcrkiye ise Alman merkezli de\u011fer zincirlerine ba\u011fl\u0131. <\/span><\/p>  <p><span class=\"large\">T\u00fcrk nakliyeciler bo\u015funa Almanya\u2019ya y\u0131lda yakla\u015f\u0131k 100 bin ihracat seferi yapm\u0131yor...<\/span><\/p>  <p><span class=\"large\"><strong>***<\/strong><\/span><\/p>  <p><span class=\"large\">Daha \u00f6nceki Eko-Mercek\u2019lerde de\u011finmi\u015ftik. D\u00fcnyan\u0131n jeopolitik ve ekonomik mimarisinde bir de\u011fi\u015fim ya\u015fan\u0131yor. K\u00fcresel de\u011fer zincirleri a\u011f\u0131 da bu de\u011fi\u015fimle birlikte yeniden in\u015fa edilecek. Bu de\u011fi\u015fime ba\u011fl\u0131 olarak tedarik tercihleri de de\u011fi\u015fecek. \u015eimdiden de\u011fi\u015fmeye ba\u015flad\u0131 bile... <\/span><\/p>  <p><span class=\"large\">Bu de\u011fi\u015fim \u00f6nemli, \u00e7\u00fcnk\u00fc siyasi ve ekonomik bloklar\u0131n \u00fclke ekonomileri \u00fczerinde belirleyici etkileri var. Her ne kadar korumac\u0131l\u0131k y\u00fckselse de bug\u00fcn d\u00fcnyada kimse tek ba\u015f\u0131na i\u015f yapm\u0131yor. Daha do\u011frusu yapam\u0131yor. \u00dcyesi olun ya da olmay\u0131n... <\/span><\/p>  <p><span class=\"large\"><strong>***<\/strong><\/span><\/p>  <p><span class=\"large\">Bloklar\u0131n politika ve uygulamalar\u0131 b\u00fct\u00fcn \u00fclkeleri etkiliyor. Ancak \u00f6te yandan, bloklar da bir de\u011fi\u015fim ve d\u00f6n\u00fc\u015f\u00fcm i\u00e7inde. Yeni blokla\u015fma \u00e7abalar\u0131 bazen ba\u015far\u0131l\u0131 oluyor, bazen kad\u00fck kal\u0131yor. Ya da projeler bir s\u00fcreli\u011fine rafa kalk\u0131yor. <\/span><\/p>  <p><span class=\"large\">Mesela, bir s\u00fcre \u00f6nce T\u00fcrkiye\u2019ye etkileri bak\u0131m\u0131ndan da bir hayli g\u00fcndemimizi me\u015fgul eden TTIP anla\u015fmas\u0131... A\u00e7\u0131k ad\u0131yla, Transatlantik Ticaret ve Yat\u0131r\u0131m Ortakl\u0131\u011f\u0131 Anla\u015fmas\u0131... Obama g\u00f6revi b\u0131rakmadan TTIP\u2019in imzalanmas\u0131 bekleniyordu. Hesaplara g\u00f6re, hem ABD hem AB bundan faydalanacakt\u0131. AB\u2019den ABD\u2019ye ihracat 187 milyar Euro, ABD\u2019den AB\u2019ye ihracat <\/span><span class=\"large\">159 milyar Euro artacakt\u0131. Her iki blo\u011fun di\u011fer \u00fclkelere ihracat\u0131n\u0131n da 33 milyar dolar artmas\u0131 bekleniyordu. <\/span><\/p>  <p><span class=\"large\">Olmad\u0131, imzalanmad\u0131. Trump, se\u00e7ilince hava de\u011fi\u015fti. Trump\u2019\u0131n kurdu\u011fu Milli Ticaret Konseyi\u2019nin ba\u015f\u0131na Peter Navarro getirildi. Navarro, Trump\u2019\u0131n \u00c7in politikas\u0131n\u0131n olu\u015fmas\u0131nda etkili isimlerden biriydi. \u00c7in\u2019in ABD\u2019ye ticarette \u00fcst\u00fcnl\u00fck sa\u011flamas\u0131n\u0131 b\u00fcy\u00fck bir tehlike olarak g\u00f6r\u00fcyordu. Bu \u00fcst\u00fcnl\u00fc\u011f\u00fcn kurulabilmesini de ABD\u2019nin \u2018serbest ticaret\u2019 zaaf\u0131na ba\u011fl\u0131yordu. \u2018Serbest piyasa ekonomisi modeline dayanan k\u00fcreselle\u015fme\u2019 politikas\u0131n\u0131n ABD\u2019nin \u00e7\u0131karlar\u0131na ters oldu\u011funu savunuyordu. Daha sonra Trump\u2019\u0131n tweetlerinde s\u0131k s\u0131k kar\u015f\u0131la\u015ft\u0131\u011f\u0131m\u0131z \u2018\u00c7inliler bizi kand\u0131r\u0131p, soyuyor, sonra da bize g\u00fcl\u00fcyor\u2019 s\u00f6yleminin fikir babas\u0131yd\u0131 anlayaca\u011f\u0131n\u0131z. Nitekim Trump, ABD\u2019de geleneksel diye nitelenen savunma sanayi dahil sekt\u00f6rlerin temsilcisi Navarro\u2019nun s\u00f6z\u00fcn\u00fc dinledi. \u00c7in\u2019e kar\u015f\u0131, bir hegemonya m\u00fccadelesinin zeminini olu\u015fturdu\u011fu, ticaret sava\u015f\u0131 a\u00e7t\u0131. Bu \u00e7er\u00e7evede ilk i\u015f olarak da ABD\u2019yi uluslararas\u0131 bloklardan \u00e7ekti. Veya bu bloklar\u0131 felce u\u011fratacak bir tutum i\u00e7ine girdi. Aynen TTIP gibi...<\/span><\/p>  <p><span class=\"large\"><strong>***<\/strong><\/span><\/p>  <p><span class=\"large\">\u015eimdi g\u00fcndemde yeni bir anla\u015fma var. Hen\u00fcz bir ay olmad\u0131, Asya-Pasifik b\u00f6lgesinde d\u00fcnyan\u0131n en b\u00fcy\u00fck serbest ticaret anla\u015fmas\u0131 imzaland\u0131: RCEP. 15 \u00fclkenin imza koydu\u011fu RCEP, Asya\u2019da bir \u2018B\u00f6lgesel Kapsaml\u0131 Ekonomik Ortakl\u0131k\u2019 (Regional Comprehensive Economic Partnership) olu\u015fturmay\u0131 \u00f6ng\u00f6r\u00fcyor. Anla\u015fma, b\u00fct\u00fcn d\u00fcnya ekonomisini etkileyecek ve \u015fekillendirecek b\u00fcy\u00fckl\u00fckte... GSMH \u00f6l\u00e7\u00fctleriyle bakarsak, RCEP anla\u015fmas\u0131n\u0131n taraf\u0131 olan \u00fclkeler d\u00fcnya has\u0131las\u0131n\u0131n \u00fc\u00e7te birini \u00fcretiyor. Ortakl\u0131k, ilk kez Japonya ve G\u00fcney Kore gibi \u00fclkelerle \u00c7in\u2019i bir araya getiriyor. Japonya ve G\u00fcney Kore gibi ABD\u2019nin m\u00fcttefiklerinin yan\u0131 s\u0131ra Avustralya ve Yeni Zelanda gibi \u2018Bat\u0131\u2019 \u00fclkelerini de kaps\u0131yor.<\/span><\/p>  <p><span class=\"large\">RCEP\u2019in olu\u015fmas\u0131na \u00c7in liderlik etti. \u00c7in, bug\u00fcn d\u00fcnyan\u0131n en b\u00fcy\u00fck \u00fcretim platformu. Ki\u015fi ba\u015f\u0131na d\u00fc\u015fen sat\u0131n alma g\u00fcc\u00fc bak\u0131m\u0131ndan d\u00fcnyan\u0131n en b\u00fcy\u00fck ekonomisi. Bu anla\u015fmayla bir nevi ticaret sava\u015flar\u0131na g\u00f6nderme yapt\u0131. ABD\u2019ye \u2018bizi \u00f6yle kovboy kemendi ile yakalamak zor\u2019 mesaj\u0131 verdi. D\u00fcnyaya da, \u00c7in\u2019in kimsenin ve herhangi bir giri\u015fimin etraf\u0131ndan dola\u015famayaca\u011f\u0131 kadar b\u00fcy\u00fck oldu\u011fu mesaj\u0131n\u0131...<\/span><\/p>  <p><span class=\"large\"><strong>***<\/strong><\/span><\/p>  <p><span class=\"large\">RCEP anla\u015fmas\u0131na imza koyan \u00fclkelere bir bak\u0131n. Sonra da bu \u00fclkelerin, \u2018k\u00fcresel \u00fcretim zincirleri\u2019 grafi\u011fi \u00fczerinden \u00c7in ile ili\u015fkilerini bir kar\u015f\u0131la\u015ft\u0131r\u0131n. \u00d6rt\u00fc\u015fme o kadar a\u00e7\u0131k ki...<\/span><\/p>  <p><span class=\"large\">\u00c7in merkezli de\u011fer zinciri a\u011f\u0131 b\u00fcy\u00fcyor. ABD, \u00f6zellikle Trump d\u00f6neminde bu a\u011f\u0131n b\u00fcy\u00fcy\u00fcp g\u00fc\u00e7lenmesinin \u00f6n\u00fcn\u00fc kesmek i\u00e7in pek \u00e7ok ad\u0131m att\u0131. Politikalar\u0131n\u0131 de\u011fi\u015ftirdi. \u00d6yle ki, bu s\u00fcre\u00e7te, ABD\u2019nin Reagan d\u00f6neminden bu yana d\u0131\u015f politikas\u0131n\u0131n da temelini<\/span><span class=\"large\">olu\u015fturan \u2018k\u00fcreselle\u015fme\u2019 politikas\u0131n\u0131 da \u2018stratejik tehlike\u2019 olarak g\u00f6rd\u00fc\u011f\u00fcn\u00fc s\u00f6yleyerek terk etti.<\/span><\/p>  <p><span class=\"large\"><strong>ABD VE AB B\u0130R ARAYA GELEB\u0130LECEK M\u0130?<\/strong><\/span><\/p>  <p><span class=\"large\">\u015eimdi \u00c7in, ABD\u2019nin yeni politikas\u0131na cevap olarak, \u2018Tek Ku\u015fak Tek Yol\u2019 gibi projelerle, RCEP gibi \u00e7evresindeki ekonomilerle yapt\u0131\u011f\u0131 anla\u015fmalarla kendi ihtiya\u00e7lar\u0131na uygun bir k\u00fcreselle\u015fme s\u00fcreci in\u015fa ediyor.<\/span><\/p>  <p><span class=\"large\">Tabii bu bir s\u00fcre\u00e7... D\u00fcnya ekonomisi ve jeopoliti\u011findeki geli\u015fmelere ba\u011fl\u0131 olarak blokla\u015fmalar yava\u015flay\u0131p h\u0131zlanabiliyor. RCEP anla\u015fmas\u0131 da G\u00fcneydo\u011fu Asya \u00dclkeleri Birli\u011fi\u2019nin (ASEAN) 37. Liderler Zirvesi\u2019nde imzaland\u0131. 8 y\u0131l boyunca yap\u0131lan 46 m\u00fczakere, onlarca bakanlar aras\u0131 g\u00f6r\u00fc\u015fme yap\u0131ld\u0131. Sonra i\u015fler birden h\u0131zland\u0131.<\/span><\/p>  <p><span class=\"large\">Tam da RCEP anla\u015fmas\u0131na imzalar\u0131n koyuldu\u011fu g\u00fcnlerde Avrupa Birli\u011fi\u2019nin iki etkili d\u0131\u015fi\u015fleri bakan\u0131ndan ilgin\u00e7 bir sinyal geldi. Almanya D\u0131\u015fi\u015fleri Bakan\u0131 Heiko Maas ve Fransa D\u0131\u015fi\u015fleri Bakan\u0131 Jean-Yves Le Drian, ortak bir a\u00e7\u0131klama yapt\u0131 ABD\u2019nin etkili gazetelerinden Washington Post\u2019a... \u0130ki d\u0131\u015fi\u015fleri bakan\u0131 ortak yorumlar\u0131nda, yeni se\u00e7ilen ABD Ba\u015fkan\u0131 Joe Biden\u2019\u0131n, ABD ve AB\u2019yi bir araya getirebilece\u011fini vurguluyorlard\u0131.<\/span><\/p>  <p><span class=\"large\"><strong>T\u00dcRK\u0130YE NASIL ETK\u0130LENECEK?<\/strong><\/span><\/p>  <p><span class=\"large\">Geli\u015fmeler, d\u00fcnyada blokla\u015fma ihtimalinin giderek g\u00fc\u00e7 kazand\u0131\u011f\u0131n\u0131 g\u00f6steriyor. Yeni ittifaklar, yeni blokla\u015fmalar g\u00fcndeme geliyor<\/span><span class=\"large\">ve gelecek.<\/span><\/p>  <p><span class=\"large\">Avrupa ile Asya\u2019n\u0131n kesi\u015fme noktas\u0131ndaki T\u00fcrkiye\u2019nin d\u00fcnyadaki bu e\u011filimden etkilenmemesi m\u00fcmk\u00fcn de\u011fil. Sadece co\u011frafi konumumuz nedeniyle bile kurulmu\u015f ve kurulacak bir\u00e7ok blo\u011fun i\u00e7ine veya d\u0131\u015f\u0131na yerle\u015fece\u011fiz. Uza\u011f\u0131nda ve\/veya yan\u0131nda yer alaca\u011f\u0131z. K\u0131sacas\u0131, \u00f6n\u00fcm\u00fczdeki d\u00f6nemde bloklarla daha fazla ili\u015fki i\u00e7inde hareket etmemiz gerecek. \u0130stesek de istemesek de...<\/span><\/p>  <p><span class=\"large\">Var olanlar\u0131 g\u00f6zden ge\u00e7irmekte, olu\u015fmakta olanlara da erken tedbir almakta fayda var.<\/span><\/p>  <p><span class=\"large\">RCEP ve di\u011ferleri... T\u00fcrkiye\u2019ye ne getirecek? Ne g\u00f6t\u00fcrecek? Devam edece\u011fiz in\u015fallah. \u015eimdilik sa\u011fl\u0131kla kal\u0131n...<\/span><\/p>  \t\t\t\t","slug":"dunyada-bloklasma-ihtimali-gucleniyor","tags":"K\u00f6\u015fe Yaz\u0131s\u0131","meta_title":"D\u00fcnyada blokla\u015fma ihtimali g\u00fc\u00e7leniyor","meta_description":"Hakan G\u00fclda\u011f","meta_keywords":"K\u00f6\u015fe Yaz\u0131s\u0131","news_cover_min":null,"news_cover":null,"news_video_min":null,"news_video":null,"view_count":1088,"cropped_1200x675":null,"user":{"id":1,"name":"HAKAN","surname":"G\u00dcLDA\u011e","email":"uakisik@eronat.com.tr","slug":"hakan-guldag","avatar":"\/front\/uploads\/avatar\/1733691600kKPzKvWx8Xpxx9n.webp","status":1,"role":1,"email_verified_at":null,"orde":null,"created_at":"2022-09-15T09:39:41.000000Z","updated_at":"2024-12-18T14:51:32.000000Z","seo_title":null,"seo_description":null},"translations":[{"id":23936,"is_featured":0,"is_amp":0,"is_ads":0,"ads_link":null,"post_id":23837,"locale":"tr","category_id":73,"title":"D\u00fcnyada blokla\u015fma ihtimali g\u00fc\u00e7leniyor","home_title":null,"sub_title":null,"slider_title":null,"slider_title_2":null,"slider_spot_title":null,"slider_spot_title_2":null,"subtitleuse":0,"description":null,"content":"  \t\t\t\t\t  \t\t\t\t\t<p style=\"text-align: right;\"><span class=\"large\"><strong>Hakan G\u00fclda\u011f<\/strong><\/span><br><span class=\"large\"> <strong><\/strong><\/span><\/p>  <p><span class=\"large\">D\u00fcnyada bizi etkileyen yeni e\u011filimler ve yap\u0131lar olu\u015fuyor. Dikkat kesilmemiz ve iyi okumam\u0131z laz\u0131m. <\/span><\/p>  <p><span class=\"large\">Mevcut yap\u0131lardan ba\u015flayal\u0131m. Asya Kalk\u0131nma Bankas\u0131\u2019n\u0131n \u00e7al\u0131\u015fma raporlar\u0131 bu konuda bize a\u00e7\u0131klay\u0131c\u0131 bir manzara sunuyor.<\/span><\/p>  <p><span class=\"large\">\u00d6zeti a\u015fa\u011f\u0131 yukar\u0131 \u015f\u00f6yle: <\/span><\/p>  <p><span class=\"large\">Bug\u00fcn d\u00fcnyada \u00fc\u00e7 temel k\u00fcresel de\u011fer zincirleri a\u011f\u0131 var. Bu \u00fc\u00e7 a\u011f, \u00fc\u00e7 merkez \u00fclke etraf\u0131nda \u015fekilleniyor: ABD, Almanya ve \u00c7in... <\/span><\/p>  <p><span class=\"large\">Merkezler durduk yere olu\u015fmuyor tabii. Ekonomilerinin b\u00fcy\u00fckl\u00fckleriyle, yetenek ve kapasiteleriyle, d\u00fcnyadaki di\u011fer \u00fclkelerle ileri ve geri ba\u011flant\u0131lar\u0131yla, k\u00fcresel de\u011fer zincirine kat\u0131l\u0131mda en iyi olmay\u0131 gerektiriyor.<\/span><\/p>  <p><span class=\"large\">Bug\u00fcn bunu sa\u011flayabilen \u00fc\u00e7 \u00fclke, ABD, \u00c7in ve Almanya... Bu merkez \u00fclkelerin etraf\u0131nda ikinci ve \u00fc\u00e7\u00fcnc\u00fc halkalar var. <\/span><\/p>  <p><span class=\"large\">Bir nevi suya at\u0131lan ta\u015f\u0131n olu\u015fturdu\u011fu hareler gibi... <\/span><\/p>  <p><span class=\"large\">K\u00fcresel de\u011fer zincirleri, dolay\u0131s\u0131yla \u00fcretim ve tedarik zincirleri nereden ge\u00e7iyor diye bakarsan\u0131z ilk halkada 16 \u00fclke g\u00f6r\u00fcn\u00fcyor. \u00dc\u00e7 temel zincire kat\u0131l\u0131mlar\u0131 bak\u0131m\u0131ndan farkl\u0131l\u0131k g\u00f6stermekle beraber bu 16 \u00fclke \u015f\u00f6yle:<\/span><\/p>  <p><span class=\"large\">Hollanda, \u0130ngiltere, \u0130talya, Fransa, \u0130spanya, Bel\u00e7ika, \u0130rlanda, Rusya, Kanada, Meksika, Hindistan, Singapur, Tayvan, G\u00fcney Kore, Japonya ve Avustralya...<\/span><br><span class=\"large\"> Bu 16 \u00fclke, \u00fc\u00e7 temel k\u00fcresel de\u011fer zincirine ba\u011flant\u0131lar\u0131 bak\u0131m\u0131ndan en kal\u0131n halkalar\u0131 olu\u015fturuyor. Merkezle ba\u011flant\u0131lar\u0131 bak\u0131m\u0131ndan \u00fc\u00e7\u00fcnc\u00fc halkada da yine 16 \u00fclke var. T\u00fcrkiye bu \u00fc\u00e7\u00fcnc\u00fc halkada yer al\u0131yor. Bizim d\u0131\u015f\u0131m\u0131zda \u00fc\u00e7\u00fcnc\u00fc halkada yer alan di\u011fer 15 \u00fclke ise \u015f\u00f6yle:<\/span><\/p>  <p><span class=\"large\">Danimarka, \u0130sve\u00e7, \u0130svi\u00e7re, \u00c7ekya, Avusturya, Polonya, Macaristan, Norve\u00e7, L\u00fcksemburg, Tayland, Malezya, Endonezya, Vietnam, Hong Kong ve Brezilya...<\/span><br><span class=\"large\"> D\u00fcnyan\u0131n en b\u00fcy\u00fck 35 ekonomisinin birbirleriyle ve s\u00f6z\u00fcn\u00fc etti\u011fimiz \u00fc\u00e7 merkezle ba\u011flant\u0131lar\u0131 farkl\u0131 a\u011f\u0131rl\u0131klara sahip. \u00d6rne\u011fin, Kanada ve Meksika kal\u0131n halkalarla ABD\u2019nin merkezinde yer ald\u0131\u011f\u0131 k\u00fcresel de\u011fer zincirine ba\u011fl\u0131. \u00dc\u00e7\u00fcnc\u00fc halkada yer alan Endonezya, \u00c7in merkezli de\u011fer zincirlerine, T\u00fcrkiye ise Alman merkezli de\u011fer zincirlerine ba\u011fl\u0131. <\/span><\/p>  <p><span class=\"large\">T\u00fcrk nakliyeciler bo\u015funa Almanya\u2019ya y\u0131lda yakla\u015f\u0131k 100 bin ihracat seferi yapm\u0131yor...<\/span><\/p>  <p><span class=\"large\"><strong>***<\/strong><\/span><\/p>  <p><span class=\"large\">Daha \u00f6nceki Eko-Mercek\u2019lerde de\u011finmi\u015ftik. D\u00fcnyan\u0131n jeopolitik ve ekonomik mimarisinde bir de\u011fi\u015fim ya\u015fan\u0131yor. K\u00fcresel de\u011fer zincirleri a\u011f\u0131 da bu de\u011fi\u015fimle birlikte yeniden in\u015fa edilecek. Bu de\u011fi\u015fime ba\u011fl\u0131 olarak tedarik tercihleri de de\u011fi\u015fecek. \u015eimdiden de\u011fi\u015fmeye ba\u015flad\u0131 bile... <\/span><\/p>  <p><span class=\"large\">Bu de\u011fi\u015fim \u00f6nemli, \u00e7\u00fcnk\u00fc siyasi ve ekonomik bloklar\u0131n \u00fclke ekonomileri \u00fczerinde belirleyici etkileri var. Her ne kadar korumac\u0131l\u0131k y\u00fckselse de bug\u00fcn d\u00fcnyada kimse tek ba\u015f\u0131na i\u015f yapm\u0131yor. Daha do\u011frusu yapam\u0131yor. \u00dcyesi olun ya da olmay\u0131n... <\/span><\/p>  <p><span class=\"large\"><strong>***<\/strong><\/span><\/p>  <p><span class=\"large\">Bloklar\u0131n politika ve uygulamalar\u0131 b\u00fct\u00fcn \u00fclkeleri etkiliyor. Ancak \u00f6te yandan, bloklar da bir de\u011fi\u015fim ve d\u00f6n\u00fc\u015f\u00fcm i\u00e7inde. Yeni blokla\u015fma \u00e7abalar\u0131 bazen ba\u015far\u0131l\u0131 oluyor, bazen kad\u00fck kal\u0131yor. Ya da projeler bir s\u00fcreli\u011fine rafa kalk\u0131yor. <\/span><\/p>  <p><span class=\"large\">Mesela, bir s\u00fcre \u00f6nce T\u00fcrkiye\u2019ye etkileri bak\u0131m\u0131ndan da bir hayli g\u00fcndemimizi me\u015fgul eden TTIP anla\u015fmas\u0131... A\u00e7\u0131k ad\u0131yla, Transatlantik Ticaret ve Yat\u0131r\u0131m Ortakl\u0131\u011f\u0131 Anla\u015fmas\u0131... Obama g\u00f6revi b\u0131rakmadan TTIP\u2019in imzalanmas\u0131 bekleniyordu. Hesaplara g\u00f6re, hem ABD hem AB bundan faydalanacakt\u0131. AB\u2019den ABD\u2019ye ihracat 187 milyar Euro, ABD\u2019den AB\u2019ye ihracat <\/span><span class=\"large\">159 milyar Euro artacakt\u0131. Her iki blo\u011fun di\u011fer \u00fclkelere ihracat\u0131n\u0131n da 33 milyar dolar artmas\u0131 bekleniyordu. <\/span><\/p>  <p><span class=\"large\">Olmad\u0131, imzalanmad\u0131. Trump, se\u00e7ilince hava de\u011fi\u015fti. Trump\u2019\u0131n kurdu\u011fu Milli Ticaret Konseyi\u2019nin ba\u015f\u0131na Peter Navarro getirildi. Navarro, Trump\u2019\u0131n \u00c7in politikas\u0131n\u0131n olu\u015fmas\u0131nda etkili isimlerden biriydi. \u00c7in\u2019in ABD\u2019ye ticarette \u00fcst\u00fcnl\u00fck sa\u011flamas\u0131n\u0131 b\u00fcy\u00fck bir tehlike olarak g\u00f6r\u00fcyordu. Bu \u00fcst\u00fcnl\u00fc\u011f\u00fcn kurulabilmesini de ABD\u2019nin \u2018serbest ticaret\u2019 zaaf\u0131na ba\u011fl\u0131yordu. \u2018Serbest piyasa ekonomisi modeline dayanan k\u00fcreselle\u015fme\u2019 politikas\u0131n\u0131n ABD\u2019nin \u00e7\u0131karlar\u0131na ters oldu\u011funu savunuyordu. Daha sonra Trump\u2019\u0131n tweetlerinde s\u0131k s\u0131k kar\u015f\u0131la\u015ft\u0131\u011f\u0131m\u0131z \u2018\u00c7inliler bizi kand\u0131r\u0131p, soyuyor, sonra da bize g\u00fcl\u00fcyor\u2019 s\u00f6yleminin fikir babas\u0131yd\u0131 anlayaca\u011f\u0131n\u0131z. Nitekim Trump, ABD\u2019de geleneksel diye nitelenen savunma sanayi dahil sekt\u00f6rlerin temsilcisi Navarro\u2019nun s\u00f6z\u00fcn\u00fc dinledi. \u00c7in\u2019e kar\u015f\u0131, bir hegemonya m\u00fccadelesinin zeminini olu\u015fturdu\u011fu, ticaret sava\u015f\u0131 a\u00e7t\u0131. Bu \u00e7er\u00e7evede ilk i\u015f olarak da ABD\u2019yi uluslararas\u0131 bloklardan \u00e7ekti. Veya bu bloklar\u0131 felce u\u011fratacak bir tutum i\u00e7ine girdi. Aynen TTIP gibi...<\/span><\/p>  <p><span class=\"large\"><strong>***<\/strong><\/span><\/p>  <p><span class=\"large\">\u015eimdi g\u00fcndemde yeni bir anla\u015fma var. Hen\u00fcz bir ay olmad\u0131, Asya-Pasifik b\u00f6lgesinde d\u00fcnyan\u0131n en b\u00fcy\u00fck serbest ticaret anla\u015fmas\u0131 imzaland\u0131: RCEP. 15 \u00fclkenin imza koydu\u011fu RCEP, Asya\u2019da bir \u2018B\u00f6lgesel Kapsaml\u0131 Ekonomik Ortakl\u0131k\u2019 (Regional Comprehensive Economic Partnership) olu\u015fturmay\u0131 \u00f6ng\u00f6r\u00fcyor. Anla\u015fma, b\u00fct\u00fcn d\u00fcnya ekonomisini etkileyecek ve \u015fekillendirecek b\u00fcy\u00fckl\u00fckte... GSMH \u00f6l\u00e7\u00fctleriyle bakarsak, RCEP anla\u015fmas\u0131n\u0131n taraf\u0131 olan \u00fclkeler d\u00fcnya has\u0131las\u0131n\u0131n \u00fc\u00e7te birini \u00fcretiyor. Ortakl\u0131k, ilk kez Japonya ve G\u00fcney Kore gibi \u00fclkelerle \u00c7in\u2019i bir araya getiriyor. Japonya ve G\u00fcney Kore gibi ABD\u2019nin m\u00fcttefiklerinin yan\u0131 s\u0131ra Avustralya ve Yeni Zelanda gibi \u2018Bat\u0131\u2019 \u00fclkelerini de kaps\u0131yor.<\/span><\/p>  <p><span class=\"large\">RCEP\u2019in olu\u015fmas\u0131na \u00c7in liderlik etti. \u00c7in, bug\u00fcn d\u00fcnyan\u0131n en b\u00fcy\u00fck \u00fcretim platformu. Ki\u015fi ba\u015f\u0131na d\u00fc\u015fen sat\u0131n alma g\u00fcc\u00fc bak\u0131m\u0131ndan d\u00fcnyan\u0131n en b\u00fcy\u00fck ekonomisi. Bu anla\u015fmayla bir nevi ticaret sava\u015flar\u0131na g\u00f6nderme yapt\u0131. ABD\u2019ye \u2018bizi \u00f6yle kovboy kemendi ile yakalamak zor\u2019 mesaj\u0131 verdi. D\u00fcnyaya da, \u00c7in\u2019in kimsenin ve herhangi bir giri\u015fimin etraf\u0131ndan dola\u015famayaca\u011f\u0131 kadar b\u00fcy\u00fck oldu\u011fu mesaj\u0131n\u0131...<\/span><\/p>  <p><span class=\"large\"><strong>***<\/strong><\/span><\/p>  <p><span class=\"large\">RCEP anla\u015fmas\u0131na imza koyan \u00fclkelere bir bak\u0131n. Sonra da bu \u00fclkelerin, \u2018k\u00fcresel \u00fcretim zincirleri\u2019 grafi\u011fi \u00fczerinden \u00c7in ile ili\u015fkilerini bir kar\u015f\u0131la\u015ft\u0131r\u0131n. \u00d6rt\u00fc\u015fme o kadar a\u00e7\u0131k ki...<\/span><\/p>  <p><span class=\"large\">\u00c7in merkezli de\u011fer zinciri a\u011f\u0131 b\u00fcy\u00fcyor. ABD, \u00f6zellikle Trump d\u00f6neminde bu a\u011f\u0131n b\u00fcy\u00fcy\u00fcp g\u00fc\u00e7lenmesinin \u00f6n\u00fcn\u00fc kesmek i\u00e7in pek \u00e7ok ad\u0131m att\u0131. Politikalar\u0131n\u0131 de\u011fi\u015ftirdi. \u00d6yle ki, bu s\u00fcre\u00e7te, ABD\u2019nin Reagan d\u00f6neminden bu yana d\u0131\u015f politikas\u0131n\u0131n da temelini<\/span><span class=\"large\">olu\u015fturan \u2018k\u00fcreselle\u015fme\u2019 politikas\u0131n\u0131 da \u2018stratejik tehlike\u2019 olarak g\u00f6rd\u00fc\u011f\u00fcn\u00fc s\u00f6yleyerek terk etti.<\/span><\/p>  <p><span class=\"large\"><strong>ABD VE AB B\u0130R ARAYA GELEB\u0130LECEK M\u0130?<\/strong><\/span><\/p>  <p><span class=\"large\">\u015eimdi \u00c7in, ABD\u2019nin yeni politikas\u0131na cevap olarak, \u2018Tek Ku\u015fak Tek Yol\u2019 gibi projelerle, RCEP gibi \u00e7evresindeki ekonomilerle yapt\u0131\u011f\u0131 anla\u015fmalarla kendi ihtiya\u00e7lar\u0131na uygun bir k\u00fcreselle\u015fme s\u00fcreci in\u015fa ediyor.<\/span><\/p>  <p><span class=\"large\">Tabii bu bir s\u00fcre\u00e7... D\u00fcnya ekonomisi ve jeopoliti\u011findeki geli\u015fmelere ba\u011fl\u0131 olarak blokla\u015fmalar yava\u015flay\u0131p h\u0131zlanabiliyor. RCEP anla\u015fmas\u0131 da G\u00fcneydo\u011fu Asya \u00dclkeleri Birli\u011fi\u2019nin (ASEAN) 37. Liderler Zirvesi\u2019nde imzaland\u0131. 8 y\u0131l boyunca yap\u0131lan 46 m\u00fczakere, onlarca bakanlar aras\u0131 g\u00f6r\u00fc\u015fme yap\u0131ld\u0131. Sonra i\u015fler birden h\u0131zland\u0131.<\/span><\/p>  <p><span class=\"large\">Tam da RCEP anla\u015fmas\u0131na imzalar\u0131n koyuldu\u011fu g\u00fcnlerde Avrupa Birli\u011fi\u2019nin iki etkili d\u0131\u015fi\u015fleri bakan\u0131ndan ilgin\u00e7 bir sinyal geldi. Almanya D\u0131\u015fi\u015fleri Bakan\u0131 Heiko Maas ve Fransa D\u0131\u015fi\u015fleri Bakan\u0131 Jean-Yves Le Drian, ortak bir a\u00e7\u0131klama yapt\u0131 ABD\u2019nin etkili gazetelerinden Washington Post\u2019a... \u0130ki d\u0131\u015fi\u015fleri bakan\u0131 ortak yorumlar\u0131nda, yeni se\u00e7ilen ABD Ba\u015fkan\u0131 Joe Biden\u2019\u0131n, ABD ve AB\u2019yi bir araya getirebilece\u011fini vurguluyorlard\u0131.<\/span><\/p>  <p><span class=\"large\"><strong>T\u00dcRK\u0130YE NASIL ETK\u0130LENECEK?<\/strong><\/span><\/p>  <p><span class=\"large\">Geli\u015fmeler, d\u00fcnyada blokla\u015fma ihtimalinin giderek g\u00fc\u00e7 kazand\u0131\u011f\u0131n\u0131 g\u00f6steriyor. Yeni ittifaklar, yeni blokla\u015fmalar g\u00fcndeme geliyor<\/span><span class=\"large\">ve gelecek.<\/span><\/p>  <p><span class=\"large\">Avrupa ile Asya\u2019n\u0131n kesi\u015fme noktas\u0131ndaki T\u00fcrkiye\u2019nin d\u00fcnyadaki bu e\u011filimden etkilenmemesi m\u00fcmk\u00fcn de\u011fil. Sadece co\u011frafi konumumuz nedeniyle bile kurulmu\u015f ve kurulacak bir\u00e7ok blo\u011fun i\u00e7ine veya d\u0131\u015f\u0131na yerle\u015fece\u011fiz. Uza\u011f\u0131nda ve\/veya yan\u0131nda yer alaca\u011f\u0131z. K\u0131sacas\u0131, \u00f6n\u00fcm\u00fczdeki d\u00f6nemde bloklarla daha fazla ili\u015fki i\u00e7inde hareket etmemiz gerecek. \u0130stesek de istemesek de...<\/span><\/p>  <p><span class=\"large\">Var olanlar\u0131 g\u00f6zden ge\u00e7irmekte, olu\u015fmakta olanlara da erken tedbir almakta fayda var.<\/span><\/p>  <p><span class=\"large\">RCEP ve di\u011ferleri... T\u00fcrkiye\u2019ye ne getirecek? Ne g\u00f6t\u00fcrecek? Devam edece\u011fiz in\u015fallah. \u015eimdilik sa\u011fl\u0131kla kal\u0131n...<\/span><\/p>  \t\t\t\t","slug":"dunyada-bloklasma-ihtimali-gucleniyor","orjinalimage":null,"news_cover_min":null,"news_cover":null,"news_video_min":null,"news_video":null,"cropped_638x552":null,"cropped_310x208":null,"cropped_416x247":null,"cropped_197x247":null,"cropped_416x600":null,"cropped_1200x675":null,"tags":"K\u00f6\u015fe Yaz\u0131s\u0131","meta_title":"D\u00fcnyada blokla\u015fma ihtimali g\u00fc\u00e7leniyor","meta_description":"Hakan G\u00fclda\u011f","meta_keywords":"K\u00f6\u015fe Yaz\u0131s\u0131","view_count":1088,"yt":0,"ytid":"","ytimage":null,"imgdate":"2000-01-01 00:00:00","cuff_cover":null,"cropped_358x214":null,"cropped_842x474":null}]}}