{"status":true,"post":{"id":23901,"user_id":30,"status":1,"type":1,"orde":null,"notification_type":3,"static_post":0,"published_at":"2022-10-24 14:34:22","created_at":"2020-12-24T21:00:00.000000Z","updated_at":"2022-10-24T11:34:22.000000Z","edited_at":"2024-12-17 22:35:21","source_id":null,"post_id":23901,"is_featured":0,"title":"Afrika\u2019da ilac\u0131n y\u00fczde 99\u2019u ithal","slider_title":null,"slider_title_2":null,"slider_spot_title":null,"slider_spot_title_2":null,"home_title":null,"sub_title":null,"category_id":73,"description":null,"content":"  \t\t\t\t\t  \t\t\t\t\t<p><span class=\"large\"><strong>N\u00fcfusunun 2050\u2019de 2.4 milyara ula\u015fmas\u0131 beklenen Afrika k\u0131tas\u0131nda, g\u0131da ve su kadar hayati bir di\u011fer ihtiya\u00e7 da ila\u00e7\u2026 Ancak 70 milyar dolar b\u00fcy\u00fckl\u00fc\u011fe ilerleyen Afrika ila\u00e7 pazar\u0131nda, Sahra alt\u0131nda ihtiyac\u0131n y\u00fczde 99\u2019u ithalata dayan\u0131yor. Pandemiyle ila\u00e7 ve medikaldeki a\u00e7\u0131k daha da g\u00fcn y\u00fcz\u00fcne \u00e7\u0131kt\u0131.<\/strong><\/span><\/p>  <p><span class=\"large\"><strong>\u0130thal ila\u00e7lar\u0131n uluslararas\u0131 fiyatlara g\u00f6re y\u00fczde 90\u2019lara varan oranda y\u00fckselerek k\u0131taya eri\u015fmesi ise ba\u015fka \u00e7arp\u0131kl\u0131\u011f\u0131 ortaya koyuyor. Sahte ila\u00e7lar da cabas\u0131\u2026 T\u00fcrkiye\u2019nin medikal deste\u011fi k\u0131taya ilham verirken, yerel \u00fcretimin geli\u015ftirilmesi i\u00e7in Afrika Birli\u011fi \u00f6zellikle startup giri\u015fimleri te\u015fvik ediyor.<\/strong><\/span><\/p>  <p><span class=\"large\"><strong>Prof. Dr. Ahmet Kavas<\/strong><\/span><br><span class=\"large\"> <strong><\/strong><\/span><\/p>  <p><span class=\"large\">D\u00fcnya n\u00fcfusunun yakla\u015f\u0131k y\u00fczde 17.5 oran\u0131na sahip Afrika\u2019da, s\u0131n\u0131rl\u0131 imk\u00e2nlarla faaliyet g\u00f6steren yerel ila\u00e7 sanayinin, uluslararas\u0131 \u00fcretimdeki pay\u0131 y\u00fczde 1\u2019i bile bulmuyor. K\u0131tan\u0131n tamam\u0131ndaki t\u00fcketimin b\u00fcy\u00fck bir k\u0131sm\u0131, yak\u0131n ge\u00e7mi\u015fte oldu\u011fu gibi 21. y\u00fczy\u0131l\u0131n ba\u015flar\u0131nda da \u00f6zellikle Avrupa, ABD ve Asya\u2019dan ithal edilenlerle kar\u015f\u0131lan\u0131yor. Bu uygulaman\u0131n ola\u011fanla\u015fm\u0131\u015f konumunu devam ettirmesinden rahats\u0131zl\u0131k duyanlar da \u00e7aresizlik i\u00e7erisinde. Covid-19 vir\u00fcs\u00fc ortaya \u00e7\u0131k\u0131p yery\u00fcz\u00fcn\u00fcn her taraf\u0131nda oldu\u011fu gibi bu devasa co\u011frafyadaki devletlere de ciddi zarar verince panikleyip, bunun tek \u00e7aresinin art\u0131k kendi ila\u00e7lar\u0131n\u0131n bizzat kendilerince \u00fcretilmesinden ge\u00e7ti\u011fini zorunlu olarak kabullendiler. Bir anlamda k\u0131talar aras\u0131 boyutta oldu\u011fu kadar Afrika \u00fclkeleri i\u00e7inde de uzun y\u0131llard\u0131r ya\u015fanan dengesizli\u011fin g\u00fcn y\u00fcz\u00fcne \u00e7\u0131kmas\u0131na vesile oldu. <\/span><\/p>  <p><span class=\"large\"><strong>PAZARIN AKT\u00d6RLER\u0130<\/strong><\/span><\/p>  <p><span class=\"large\">\u0130la\u00e7 sanayinde 2019 y\u0131l\u0131 itibar\u0131yla d\u00fcnyada bir trilyon Euro\u2019luk pazar s\u0131n\u0131r\u0131n\u0131n a\u015f\u0131ld\u0131\u011f\u0131na dair veriler var. Bunun neredeyse yar\u0131s\u0131na yak\u0131n\u0131 olan y\u00fczde 47.5\u2019lik hisse, tek ba\u015f\u0131na ABD\u2019li firmalara ait. Ge\u00e7ti\u011fimiz 10 y\u0131lda bu alanda y\u00fczde 8\u2019lik b\u00fcy\u00fcme sa\u011flayarak en yak\u0131n rakibinin \u00c7in oldu\u011fu ise art\u0131k kabul ediliyor. \u00c7in\u2019in bu alandaki faaliyetleri ile ilgili 2008 y\u0131l\u0131na ait veri yokken, sadece 2018 y\u0131l\u0131nda t\u00fcm \u00fcretici \u00fclkeler aras\u0131ndaki pay\u0131n\u0131n y\u00fczde 8\u2019i a\u015fan bir orana ula\u015ft\u0131\u011f\u0131 belirlendi. Japonya\u2019n\u0131n \u00f6nceki y\u0131llardaki \u00fcretimi y\u00fczde 10\u2019a ula\u015fm\u0131\u015fken, \u015fimdilerde ciddi bir d\u00fc\u015f\u00fc\u015f ya\u015f\u0131yor. Almanya, Fransa, \u0130talya ve \u0130ngiltere gibi \u00fclkeler y\u00fczde 1 ila y\u00fczde 2 gibi \u00f6nemsenecek oranlarda \u00fcretim kayb\u0131ndalar. Fakat Brezilya, \u0130spanya ve Kanada ile hep birlikte ilk 10 \u00fclke s\u0131ralamas\u0131ndaki yerlerini koruyorlar. Hatta bu \u00fclkelerdekiler ile \u0130svi\u00e7reli ila\u00e7 firmalar\u0131n\u0131n en b\u00fcy\u00fck ilk 10\u2019da yer alanlar\u0131, 500 milyar Euro\u2019ya yak\u0131n cirolar\u0131yla t\u00fcm sekt\u00f6r\u00fcn y\u00fczde 40\u2019tan fazla pazar pay\u0131n\u0131 ellerinde tutuyor. ABD (y\u00fczde 47.5), Latin Amerika (y\u00fczde 4.4) ve Kanada (y\u00fczde 2.1) ile toplamda y\u00fczde 54\u2019l\u00fck ila\u00e7 \u00fcretimi ABD k\u0131tas\u0131nda, y\u00fczde 23.2\u2019lik k\u0131sm\u0131 t\u00fcm Avrupa \u00fclkelerinde, y\u00fczde 22.5\u2019lik oranla da Asya Pasifik b\u00f6lgesinde ger\u00e7ekle\u015fiyor. T\u00fcrkiye\u2019nin \u00f6ne \u00e7\u0131kt\u0131\u011f\u0131 Ortado\u011fu\u2019daki mevcut \u00fcretimlerle bu pazarda \u00fcretim yapanlar\u0131n da y\u00fczde 2\u2019ye yak\u0131n bir pay ald\u0131klar\u0131 g\u00f6r\u00fcl\u00fcyor. 54 \u00fclkesiyle Afrika\u2019n\u0131n ise bu pazara etkisi sadece y\u00fczde 0.7 gibi yok denecek kadar az bir oranla temsil ediliyor. B\u00fct\u00fcn bu verilerden anla\u015f\u0131laca\u011f\u0131 \u00fczere Afrika\u2019n\u0131n \u00fcreten de\u011fil, t\u00fcketen bir k\u0131ta olarak kalmas\u0131, \u00f6zellikle de onlarca milyar dolarl\u0131k yeni ila\u00e7lar\u0131n \u00fcretiminde farkl\u0131 \u00fclke vatanda\u015flar\u0131n\u0131n adeta kobay gibi kullan\u0131lmalar\u0131 dahi istenebiliyor.<\/span><\/p>  <p><span class=\"large\"><strong>KR\u0130T\u0130K SORULAR<\/strong><\/span><\/p>  <p><span class=\"large\">M\u0131s\u0131r d\u0131\u015f\u0131nda Afrika\u2019n\u0131n kuzeyinde Tunus, Cezayir ve Fas, bat\u0131s\u0131nda Nijerya, Gana ve Fildi\u015fi Sahili ile do\u011fusunda Kenya, \u00f6zellikle de G\u00fcney Afrika Cumhuriyeti, t\u00fcm k\u0131tada ila\u00e7 \u00fcretebilen nadir \u00fclkeler aras\u0131nda yer al\u0131yor. Gelinen noktada kuzey ve g\u00fcney b\u00f6lgelerinin ihtiya\u00e7lar\u0131n\u0131n y\u00fczde 70 ila y\u00fczde 80 oran\u0131ndaki g\u00fcnl\u00fck ihtiya\u00e7lar\u0131 yerel imk\u00e2nlarla kar\u015f\u0131lanabiliyor. Hatta bunlar bu sanayi kolunda her sene yeni yat\u0131r\u0131mlar\u0131 ile giderek daha da g\u00fc\u00e7leniyorlar. \u00d6zellikle i\u00e7lerinden sonuncusu Johannesburg borsas\u0131ndaki 5 milyar dolarl\u0131k i\u015flem hacmine sahip bir ila\u00e7 firmas\u0131yla k\u0131tan\u0131n gelece\u011fi i\u00e7in ciddi umutlar veriyor. Fakat Sahraalt\u0131 Afrika\u2019n\u0131n geriye kalan \u00fclkelerindeki ila\u00e7lar\u0131n y\u00fczde 99\u2019u ithalatla sa\u011flan\u0131yor.<\/span><\/p>  <p><span class=\"large\">Afrika\u2019n\u0131n hali haz\u0131rda n\u00fcfusunun 1.3 milyara ula\u015ft\u0131\u011f\u0131, 2050\u2019de 2.4 milyar\u0131 bulaca\u011f\u0131 ve 2100 y\u0131l\u0131nda ise 4.2 insan\u0131n bu co\u011frafyada ya\u015fayaca\u011f\u0131 \u00f6ng\u00f6r\u00fcl\u00fcyor. G\u0131da ve su kadar ila\u00e7 da son derece hayati bir konuda. K\u0131ta insan\u0131n bu ihtiyac\u0131n\u0131 da bir \u015fekilde kar\u015f\u0131lamak zorunda kalaca\u011f\u0131n\u0131 ifade etmeye gerek yok. Ama herkesin sordu\u011fu kritik sorular \u015f\u00f6yle s\u0131ralan\u0131yor: Do\u011frudan kendileri mi \u00fcretecekler ya da yabanc\u0131 yat\u0131r\u0131m kurulu\u015flar\u0131 bu alanda yerel ortakl\u0131klar \u00fczerinden mi yaparak ilerleyecekler? <\/span><\/p>  <p><span class=\"large\">Bug\u00fcn Afrika\u2019n\u0131n en kalabal\u0131k n\u00fcfusuna sahip Nijerya, tek ba\u015f\u0131na ila\u00e7 sanayindeki 130 tesisiyle kendi ihtiya\u00e7lar\u0131n\u0131n y\u00fczde 50\u2019sini kar\u015f\u0131layabiliyor. Gana da \u00f6nemli bir konuma geldi ve 30 tesisiyle ila\u00e7 sanayinde y\u00fczde 25\u2019in \u00fczerinde piyasas\u0131na \u00fcr\u00fcn veriyor. Fildi\u015fi Sahili, sanayile\u015fme a\u00e7\u0131s\u0131ndan bir\u00e7ok alanda oldu\u011fu gibi \u015fimdilik be\u015f olan \u00fcretim tesisi say\u0131s\u0131n\u0131 art\u0131rma planlar\u0131 yap\u0131yor. Ama geriye kalan 40 civar\u0131ndaki Sahraalt\u0131 Afrika \u00fclkesinde toplam dokuz ila\u00e7 \u00fcretimi yapan fabrika bulunuyor. <\/span><\/p>  <p><span class=\"large\"><strong>SAHTE \u0130LA\u00c7 VURGUNU<\/strong><\/span><\/p>  <p><span class=\"large\">Afrika\u2019da sa\u011fl\u0131k alan\u0131nda ila\u00e7 gibi son derece \u00f6nemli ve de \u00e7o\u011fu zaman pahal\u0131 \u00fcr\u00fcnlerin temininde ciddi s\u0131k\u0131nt\u0131lar ya\u015fan\u0131yor. Arac\u0131lar\u0131n \u00fccretleri a\u015f\u0131r\u0131 art\u0131ran paylar\u0131, sahte ila\u00e7 \u00fcretimleri ve s\u00fcresi dolmu\u015f \u00fcr\u00fcnlerin piyasaya s\u00fcr\u00fclme tehlikesi bulunuyor. \u0130htiya\u00e7lar\u0131n b\u00fcy\u00fck bir k\u0131sm\u0131n\u0131n uluslararas\u0131 pazardan temin edildi\u011fi ila\u00e7lar\u0131n \u00f6ncelikle temininde, arac\u0131lar t\u00fcketiciye \u00fcr\u00fcn\u00fc sunana kadar \u00fccretlerin a\u015f\u0131r\u0131 y\u00fckselmesine sebep oluyorlar. Dahas\u0131 teslim s\u00fcrelerinin uzamas\u0131 da bilhassa acil durumdaki hastalar\u0131n gereksinim duyduklar\u0131n\u0131 alana kadar ge\u00e7en s\u00fcrede ya\u015fad\u0131klar\u0131 hayati tehlike de dayan\u0131lmaz boyutlara var\u0131yor. Afrika\u2019da sahili olan \u00fclkelerde nakliye \u00fccretlerinin ve g\u00fcmr\u00fck dahil vergilerin ilavesiyle ila\u00e7 fiyatlar\u0131 y\u00fczde 50 art\u0131\u015f g\u00f6sterebilirken, i\u00e7eride kalanlarda bu oran y\u00fczde 90\u2019lara varabiliyor. Bu da d\u00fcnyada en pahal\u0131 ila\u00e7 temininin bu k\u0131tada olmas\u0131na zemin haz\u0131rl\u0131yor. Ayn\u0131 durum Avrupa\u2019da sahili olanlarla olmayanlar aras\u0131nda y\u00fczde 2 ila y\u00fczde 24 aras\u0131nda bir farkl\u0131l\u0131k g\u00f6sterebiliyor. <\/span><\/p>  <p><span class=\"large\"><strong>\u0130LA\u00c7 STARTUP\u2019LARI TE\u015eV\u0130K ED\u0130L\u0130YOR<\/strong><\/span><\/p>  <p><span class=\"large\">\u015eimdilerde \u0130ngilizce tabiri yayg\u0131n olan \u2018startup\u2019, yani herhangi bir pazar ihtiyac\u0131n\u0131 kar\u015f\u0131lamak \u00fczere yenilik\u00e7i \u00fcr\u00fcn, daha h\u0131zl\u0131 bir s\u00fcre\u00e7, hatta gerekli servisi de sunabilen imk\u00e2nlar\u0131yla yeni kurulmalar\u0131 yan\u0131nda \u00e7abuk b\u00fcy\u00fcyen \u00f6zelliklere sahip firmalar, Afrika\u2019da ila\u00e7 temininde \u00f6nemli mesafe almaya ba\u015flad\u0131. K\u0131tada bu alan\u0131n sadece ithalatla kar\u015f\u0131lanmas\u0131n\u0131n imk\u00e2ns\u0131zl\u0131\u011f\u0131 Covid-19 ile net olarak anla\u015f\u0131ld\u0131. Art\u0131k en k\u0131sa zamanda \u00fcye \u00fclkelerde yerinde \u00fcretime ge\u00e7ilmesi, bilhassa 2021 y\u0131l\u0131 i\u00e7in ba\u015fta t\u00fcm \u00fclkeler aras\u0131nda k\u0131saca ZLECA denen serbest ticaret anla\u015fmas\u0131 ile yeni hamleler Afrika Birli\u011fi\u2019nin ilgili komisyonlar\u0131nca te\u015fvik ediliyor. \u015eimdiye kadar par\u00e7alanm\u0131\u015f bir da\u011f\u0131t\u0131m a\u011f\u0131na sahip olan ila\u00e7 sekt\u00f6r\u00fc, b\u00f6ylece daha g\u00fcvenilir bir konuma gelerek bu pazar\u0131n b\u00fct\u00fcnle\u015fmesine katk\u0131 sa\u011flayacak. <\/span><\/p>  <p><span class=\"large\"><strong>70 M\u0130LYAR DOLARLIK PAZAR <\/strong><\/span><\/p>  <p><span class=\"large\">Daha \u00e7ok t\u00fcketime odakl\u0131 Afrika ila\u00e7 pazar\u0131, ithalat ve yerel \u00fcretimlerle 2020 y\u0131l\u0131nda 70 milyara yak\u0131n bir b\u00fcy\u00fckl\u00fc\u011fe do\u011fru ilerliyor. Kaliteli ila\u00e7 bulman\u0131n zorlu\u011fu yan\u0131nda yine de insanlar gelirlerinin yar\u0131dan fazlas\u0131n\u0131 hastal\u0131k anlar\u0131nda tedavi giderleri i\u00e7in harc\u0131yorlar. \u00c7ok s\u0131n\u0131rl\u0131 say\u0131daki doktorlar\u0131 dahil t\u00fcm sa\u011fl\u0131k personelinin yak\u0131n gelecekte yeti\u015ftirilmesi, gerekli ara\u015ft\u0131rma ve geli\u015ftirme laboratuvarlar\u0131n\u0131n kurulmas\u0131 ve tam te\u015fekk\u00fcll\u00fc hastanelerin in\u015fa edilip hizmete girmesiyle bu k\u0131ta, sadece sa\u011fl\u0131k turizminin ba\u015fka k\u0131talara tedavi i\u00e7in giden pasif taraf\u0131 de\u011fil, bizzat iklim \u015fartlar\u0131n\u0131n da verece\u011fi rahatl\u0131ktaki tedavi merkezleriyle de cazibe merkezlerine kavu\u015fabilecek.<\/span><\/p>  <p><span class=\"large\"><strong>T\u00dcRK\u0130YE KITAYA \u0130LHAM VER\u0130YOR<\/strong><\/span><\/p>  <p><span class=\"large\">Covid-19, Afrika \u00fclkelerinin sadece ila\u00e7 de\u011fil, bir\u00e7ok yard\u0131mc\u0131 malzemeleri bile ithal etmeleri y\u00fcz\u00fcnden maske ve s\u0131v\u0131 koruyucu maddeler dahil \u00e7e\u015fitli maddeleri teminde s\u0131k\u0131nt\u0131 \u00e7ekmelerine sebep oldu. Bunlar\u0131n \u00f6nemli bir k\u0131sm\u0131n\u0131 kendilerinin \u00fcretebileceklerini g\u00f6rd\u00fcler. T\u00fcrkiye\u2019nin salg\u0131n\u0131n ilk aylar\u0131nda di\u011fer k\u0131ta \u00fclkelerine oldu\u011fu gibi Afrika\u2019ya g\u00f6t\u00fcrd\u00fc\u011f\u00fc acil yard\u0131mlarla, \u00fclkelerin al\u0131\u015fageldikleri uluslararas\u0131 b\u00fcy\u00fck ila\u00e7 firmalar\u0131n\u0131n a\u015f\u0131lmas\u0131 g\u00fc\u00e7 duvarlar\u0131n\u0131n a\u015f\u0131labilece\u011fini g\u00f6rd\u00fcler. Hatta k\u0131tada pazarlanan baz\u0131 ila\u00e7lar\u0131n uzun y\u0131llar \u00fclkemizde bu firmalarca \u00fcretilip pazarland\u0131\u011f\u0131na \u015fahit olduk. Yak\u0131n gelecekte ila\u00e7 sanayimizin tecr\u00fcbelerini bu k\u0131tadaki yat\u0131r\u0131mc\u0131larla payla\u015fmalar\u0131 m\u00fcmk\u00fcn hale geldi.<\/span><\/p>  \t\t\t\t","slug":"afrikada-ilacin-yuzde-99u-ithal","tags":"K\u00f6\u015fe Yaz\u0131s\u0131","meta_title":"Afrika\u2019da ilac\u0131n y\u00fczde 99\u2019u ithal","meta_description":"Prof. Dr. Ahmet Kavas","meta_keywords":"K\u00f6\u015fe Yaz\u0131s\u0131","news_cover_min":null,"news_cover":null,"news_video_min":null,"news_video":null,"view_count":1106,"cropped_1200x675":null,"user":{"id":30,"name":"AHMET","surname":"KAVAS","email":"prof-dr-ahmet-kavas@gmail.com","slug":"prof-dr-ahmet-kavas","avatar":"\/front\/uploads\/avatar\/17336916002RXDhDXyMw3kEXW.webp","status":1,"role":1,"email_verified_at":null,"orde":null,"created_at":"2022-10-24T11:09:13.000000Z","updated_at":"2024-12-18T09:44:44.000000Z","seo_title":null,"seo_description":null},"translations":[{"id":24000,"is_featured":0,"is_amp":0,"is_ads":0,"ads_link":null,"post_id":23901,"locale":"tr","category_id":73,"title":"Afrika\u2019da ilac\u0131n y\u00fczde 99\u2019u ithal","home_title":null,"sub_title":null,"slider_title":null,"slider_title_2":null,"slider_spot_title":null,"slider_spot_title_2":null,"subtitleuse":0,"description":null,"content":"  \t\t\t\t\t  \t\t\t\t\t<p><span class=\"large\"><strong>N\u00fcfusunun 2050\u2019de 2.4 milyara ula\u015fmas\u0131 beklenen Afrika k\u0131tas\u0131nda, g\u0131da ve su kadar hayati bir di\u011fer ihtiya\u00e7 da ila\u00e7\u2026 Ancak 70 milyar dolar b\u00fcy\u00fckl\u00fc\u011fe ilerleyen Afrika ila\u00e7 pazar\u0131nda, Sahra alt\u0131nda ihtiyac\u0131n y\u00fczde 99\u2019u ithalata dayan\u0131yor. Pandemiyle ila\u00e7 ve medikaldeki a\u00e7\u0131k daha da g\u00fcn y\u00fcz\u00fcne \u00e7\u0131kt\u0131.<\/strong><\/span><\/p>  <p><span class=\"large\"><strong>\u0130thal ila\u00e7lar\u0131n uluslararas\u0131 fiyatlara g\u00f6re y\u00fczde 90\u2019lara varan oranda y\u00fckselerek k\u0131taya eri\u015fmesi ise ba\u015fka \u00e7arp\u0131kl\u0131\u011f\u0131 ortaya koyuyor. Sahte ila\u00e7lar da cabas\u0131\u2026 T\u00fcrkiye\u2019nin medikal deste\u011fi k\u0131taya ilham verirken, yerel \u00fcretimin geli\u015ftirilmesi i\u00e7in Afrika Birli\u011fi \u00f6zellikle startup giri\u015fimleri te\u015fvik ediyor.<\/strong><\/span><\/p>  <p><span class=\"large\"><strong>Prof. Dr. Ahmet Kavas<\/strong><\/span><br><span class=\"large\"> <strong><\/strong><\/span><\/p>  <p><span class=\"large\">D\u00fcnya n\u00fcfusunun yakla\u015f\u0131k y\u00fczde 17.5 oran\u0131na sahip Afrika\u2019da, s\u0131n\u0131rl\u0131 imk\u00e2nlarla faaliyet g\u00f6steren yerel ila\u00e7 sanayinin, uluslararas\u0131 \u00fcretimdeki pay\u0131 y\u00fczde 1\u2019i bile bulmuyor. K\u0131tan\u0131n tamam\u0131ndaki t\u00fcketimin b\u00fcy\u00fck bir k\u0131sm\u0131, yak\u0131n ge\u00e7mi\u015fte oldu\u011fu gibi 21. y\u00fczy\u0131l\u0131n ba\u015flar\u0131nda da \u00f6zellikle Avrupa, ABD ve Asya\u2019dan ithal edilenlerle kar\u015f\u0131lan\u0131yor. Bu uygulaman\u0131n ola\u011fanla\u015fm\u0131\u015f konumunu devam ettirmesinden rahats\u0131zl\u0131k duyanlar da \u00e7aresizlik i\u00e7erisinde. Covid-19 vir\u00fcs\u00fc ortaya \u00e7\u0131k\u0131p yery\u00fcz\u00fcn\u00fcn her taraf\u0131nda oldu\u011fu gibi bu devasa co\u011frafyadaki devletlere de ciddi zarar verince panikleyip, bunun tek \u00e7aresinin art\u0131k kendi ila\u00e7lar\u0131n\u0131n bizzat kendilerince \u00fcretilmesinden ge\u00e7ti\u011fini zorunlu olarak kabullendiler. Bir anlamda k\u0131talar aras\u0131 boyutta oldu\u011fu kadar Afrika \u00fclkeleri i\u00e7inde de uzun y\u0131llard\u0131r ya\u015fanan dengesizli\u011fin g\u00fcn y\u00fcz\u00fcne \u00e7\u0131kmas\u0131na vesile oldu. <\/span><\/p>  <p><span class=\"large\"><strong>PAZARIN AKT\u00d6RLER\u0130<\/strong><\/span><\/p>  <p><span class=\"large\">\u0130la\u00e7 sanayinde 2019 y\u0131l\u0131 itibar\u0131yla d\u00fcnyada bir trilyon Euro\u2019luk pazar s\u0131n\u0131r\u0131n\u0131n a\u015f\u0131ld\u0131\u011f\u0131na dair veriler var. Bunun neredeyse yar\u0131s\u0131na yak\u0131n\u0131 olan y\u00fczde 47.5\u2019lik hisse, tek ba\u015f\u0131na ABD\u2019li firmalara ait. Ge\u00e7ti\u011fimiz 10 y\u0131lda bu alanda y\u00fczde 8\u2019lik b\u00fcy\u00fcme sa\u011flayarak en yak\u0131n rakibinin \u00c7in oldu\u011fu ise art\u0131k kabul ediliyor. \u00c7in\u2019in bu alandaki faaliyetleri ile ilgili 2008 y\u0131l\u0131na ait veri yokken, sadece 2018 y\u0131l\u0131nda t\u00fcm \u00fcretici \u00fclkeler aras\u0131ndaki pay\u0131n\u0131n y\u00fczde 8\u2019i a\u015fan bir orana ula\u015ft\u0131\u011f\u0131 belirlendi. Japonya\u2019n\u0131n \u00f6nceki y\u0131llardaki \u00fcretimi y\u00fczde 10\u2019a ula\u015fm\u0131\u015fken, \u015fimdilerde ciddi bir d\u00fc\u015f\u00fc\u015f ya\u015f\u0131yor. Almanya, Fransa, \u0130talya ve \u0130ngiltere gibi \u00fclkeler y\u00fczde 1 ila y\u00fczde 2 gibi \u00f6nemsenecek oranlarda \u00fcretim kayb\u0131ndalar. Fakat Brezilya, \u0130spanya ve Kanada ile hep birlikte ilk 10 \u00fclke s\u0131ralamas\u0131ndaki yerlerini koruyorlar. Hatta bu \u00fclkelerdekiler ile \u0130svi\u00e7reli ila\u00e7 firmalar\u0131n\u0131n en b\u00fcy\u00fck ilk 10\u2019da yer alanlar\u0131, 500 milyar Euro\u2019ya yak\u0131n cirolar\u0131yla t\u00fcm sekt\u00f6r\u00fcn y\u00fczde 40\u2019tan fazla pazar pay\u0131n\u0131 ellerinde tutuyor. ABD (y\u00fczde 47.5), Latin Amerika (y\u00fczde 4.4) ve Kanada (y\u00fczde 2.1) ile toplamda y\u00fczde 54\u2019l\u00fck ila\u00e7 \u00fcretimi ABD k\u0131tas\u0131nda, y\u00fczde 23.2\u2019lik k\u0131sm\u0131 t\u00fcm Avrupa \u00fclkelerinde, y\u00fczde 22.5\u2019lik oranla da Asya Pasifik b\u00f6lgesinde ger\u00e7ekle\u015fiyor. T\u00fcrkiye\u2019nin \u00f6ne \u00e7\u0131kt\u0131\u011f\u0131 Ortado\u011fu\u2019daki mevcut \u00fcretimlerle bu pazarda \u00fcretim yapanlar\u0131n da y\u00fczde 2\u2019ye yak\u0131n bir pay ald\u0131klar\u0131 g\u00f6r\u00fcl\u00fcyor. 54 \u00fclkesiyle Afrika\u2019n\u0131n ise bu pazara etkisi sadece y\u00fczde 0.7 gibi yok denecek kadar az bir oranla temsil ediliyor. B\u00fct\u00fcn bu verilerden anla\u015f\u0131laca\u011f\u0131 \u00fczere Afrika\u2019n\u0131n \u00fcreten de\u011fil, t\u00fcketen bir k\u0131ta olarak kalmas\u0131, \u00f6zellikle de onlarca milyar dolarl\u0131k yeni ila\u00e7lar\u0131n \u00fcretiminde farkl\u0131 \u00fclke vatanda\u015flar\u0131n\u0131n adeta kobay gibi kullan\u0131lmalar\u0131 dahi istenebiliyor.<\/span><\/p>  <p><span class=\"large\"><strong>KR\u0130T\u0130K SORULAR<\/strong><\/span><\/p>  <p><span class=\"large\">M\u0131s\u0131r d\u0131\u015f\u0131nda Afrika\u2019n\u0131n kuzeyinde Tunus, Cezayir ve Fas, bat\u0131s\u0131nda Nijerya, Gana ve Fildi\u015fi Sahili ile do\u011fusunda Kenya, \u00f6zellikle de G\u00fcney Afrika Cumhuriyeti, t\u00fcm k\u0131tada ila\u00e7 \u00fcretebilen nadir \u00fclkeler aras\u0131nda yer al\u0131yor. Gelinen noktada kuzey ve g\u00fcney b\u00f6lgelerinin ihtiya\u00e7lar\u0131n\u0131n y\u00fczde 70 ila y\u00fczde 80 oran\u0131ndaki g\u00fcnl\u00fck ihtiya\u00e7lar\u0131 yerel imk\u00e2nlarla kar\u015f\u0131lanabiliyor. Hatta bunlar bu sanayi kolunda her sene yeni yat\u0131r\u0131mlar\u0131 ile giderek daha da g\u00fc\u00e7leniyorlar. \u00d6zellikle i\u00e7lerinden sonuncusu Johannesburg borsas\u0131ndaki 5 milyar dolarl\u0131k i\u015flem hacmine sahip bir ila\u00e7 firmas\u0131yla k\u0131tan\u0131n gelece\u011fi i\u00e7in ciddi umutlar veriyor. Fakat Sahraalt\u0131 Afrika\u2019n\u0131n geriye kalan \u00fclkelerindeki ila\u00e7lar\u0131n y\u00fczde 99\u2019u ithalatla sa\u011flan\u0131yor.<\/span><\/p>  <p><span class=\"large\">Afrika\u2019n\u0131n hali haz\u0131rda n\u00fcfusunun 1.3 milyara ula\u015ft\u0131\u011f\u0131, 2050\u2019de 2.4 milyar\u0131 bulaca\u011f\u0131 ve 2100 y\u0131l\u0131nda ise 4.2 insan\u0131n bu co\u011frafyada ya\u015fayaca\u011f\u0131 \u00f6ng\u00f6r\u00fcl\u00fcyor. G\u0131da ve su kadar ila\u00e7 da son derece hayati bir konuda. K\u0131ta insan\u0131n bu ihtiyac\u0131n\u0131 da bir \u015fekilde kar\u015f\u0131lamak zorunda kalaca\u011f\u0131n\u0131 ifade etmeye gerek yok. Ama herkesin sordu\u011fu kritik sorular \u015f\u00f6yle s\u0131ralan\u0131yor: Do\u011frudan kendileri mi \u00fcretecekler ya da yabanc\u0131 yat\u0131r\u0131m kurulu\u015flar\u0131 bu alanda yerel ortakl\u0131klar \u00fczerinden mi yaparak ilerleyecekler? <\/span><\/p>  <p><span class=\"large\">Bug\u00fcn Afrika\u2019n\u0131n en kalabal\u0131k n\u00fcfusuna sahip Nijerya, tek ba\u015f\u0131na ila\u00e7 sanayindeki 130 tesisiyle kendi ihtiya\u00e7lar\u0131n\u0131n y\u00fczde 50\u2019sini kar\u015f\u0131layabiliyor. Gana da \u00f6nemli bir konuma geldi ve 30 tesisiyle ila\u00e7 sanayinde y\u00fczde 25\u2019in \u00fczerinde piyasas\u0131na \u00fcr\u00fcn veriyor. Fildi\u015fi Sahili, sanayile\u015fme a\u00e7\u0131s\u0131ndan bir\u00e7ok alanda oldu\u011fu gibi \u015fimdilik be\u015f olan \u00fcretim tesisi say\u0131s\u0131n\u0131 art\u0131rma planlar\u0131 yap\u0131yor. Ama geriye kalan 40 civar\u0131ndaki Sahraalt\u0131 Afrika \u00fclkesinde toplam dokuz ila\u00e7 \u00fcretimi yapan fabrika bulunuyor. <\/span><\/p>  <p><span class=\"large\"><strong>SAHTE \u0130LA\u00c7 VURGUNU<\/strong><\/span><\/p>  <p><span class=\"large\">Afrika\u2019da sa\u011fl\u0131k alan\u0131nda ila\u00e7 gibi son derece \u00f6nemli ve de \u00e7o\u011fu zaman pahal\u0131 \u00fcr\u00fcnlerin temininde ciddi s\u0131k\u0131nt\u0131lar ya\u015fan\u0131yor. Arac\u0131lar\u0131n \u00fccretleri a\u015f\u0131r\u0131 art\u0131ran paylar\u0131, sahte ila\u00e7 \u00fcretimleri ve s\u00fcresi dolmu\u015f \u00fcr\u00fcnlerin piyasaya s\u00fcr\u00fclme tehlikesi bulunuyor. \u0130htiya\u00e7lar\u0131n b\u00fcy\u00fck bir k\u0131sm\u0131n\u0131n uluslararas\u0131 pazardan temin edildi\u011fi ila\u00e7lar\u0131n \u00f6ncelikle temininde, arac\u0131lar t\u00fcketiciye \u00fcr\u00fcn\u00fc sunana kadar \u00fccretlerin a\u015f\u0131r\u0131 y\u00fckselmesine sebep oluyorlar. Dahas\u0131 teslim s\u00fcrelerinin uzamas\u0131 da bilhassa acil durumdaki hastalar\u0131n gereksinim duyduklar\u0131n\u0131 alana kadar ge\u00e7en s\u00fcrede ya\u015fad\u0131klar\u0131 hayati tehlike de dayan\u0131lmaz boyutlara var\u0131yor. Afrika\u2019da sahili olan \u00fclkelerde nakliye \u00fccretlerinin ve g\u00fcmr\u00fck dahil vergilerin ilavesiyle ila\u00e7 fiyatlar\u0131 y\u00fczde 50 art\u0131\u015f g\u00f6sterebilirken, i\u00e7eride kalanlarda bu oran y\u00fczde 90\u2019lara varabiliyor. Bu da d\u00fcnyada en pahal\u0131 ila\u00e7 temininin bu k\u0131tada olmas\u0131na zemin haz\u0131rl\u0131yor. Ayn\u0131 durum Avrupa\u2019da sahili olanlarla olmayanlar aras\u0131nda y\u00fczde 2 ila y\u00fczde 24 aras\u0131nda bir farkl\u0131l\u0131k g\u00f6sterebiliyor. <\/span><\/p>  <p><span class=\"large\"><strong>\u0130LA\u00c7 STARTUP\u2019LARI TE\u015eV\u0130K ED\u0130L\u0130YOR<\/strong><\/span><\/p>  <p><span class=\"large\">\u015eimdilerde \u0130ngilizce tabiri yayg\u0131n olan \u2018startup\u2019, yani herhangi bir pazar ihtiyac\u0131n\u0131 kar\u015f\u0131lamak \u00fczere yenilik\u00e7i \u00fcr\u00fcn, daha h\u0131zl\u0131 bir s\u00fcre\u00e7, hatta gerekli servisi de sunabilen imk\u00e2nlar\u0131yla yeni kurulmalar\u0131 yan\u0131nda \u00e7abuk b\u00fcy\u00fcyen \u00f6zelliklere sahip firmalar, Afrika\u2019da ila\u00e7 temininde \u00f6nemli mesafe almaya ba\u015flad\u0131. K\u0131tada bu alan\u0131n sadece ithalatla kar\u015f\u0131lanmas\u0131n\u0131n imk\u00e2ns\u0131zl\u0131\u011f\u0131 Covid-19 ile net olarak anla\u015f\u0131ld\u0131. Art\u0131k en k\u0131sa zamanda \u00fcye \u00fclkelerde yerinde \u00fcretime ge\u00e7ilmesi, bilhassa 2021 y\u0131l\u0131 i\u00e7in ba\u015fta t\u00fcm \u00fclkeler aras\u0131nda k\u0131saca ZLECA denen serbest ticaret anla\u015fmas\u0131 ile yeni hamleler Afrika Birli\u011fi\u2019nin ilgili komisyonlar\u0131nca te\u015fvik ediliyor. \u015eimdiye kadar par\u00e7alanm\u0131\u015f bir da\u011f\u0131t\u0131m a\u011f\u0131na sahip olan ila\u00e7 sekt\u00f6r\u00fc, b\u00f6ylece daha g\u00fcvenilir bir konuma gelerek bu pazar\u0131n b\u00fct\u00fcnle\u015fmesine katk\u0131 sa\u011flayacak. <\/span><\/p>  <p><span class=\"large\"><strong>70 M\u0130LYAR DOLARLIK PAZAR <\/strong><\/span><\/p>  <p><span class=\"large\">Daha \u00e7ok t\u00fcketime odakl\u0131 Afrika ila\u00e7 pazar\u0131, ithalat ve yerel \u00fcretimlerle 2020 y\u0131l\u0131nda 70 milyara yak\u0131n bir b\u00fcy\u00fckl\u00fc\u011fe do\u011fru ilerliyor. Kaliteli ila\u00e7 bulman\u0131n zorlu\u011fu yan\u0131nda yine de insanlar gelirlerinin yar\u0131dan fazlas\u0131n\u0131 hastal\u0131k anlar\u0131nda tedavi giderleri i\u00e7in harc\u0131yorlar. \u00c7ok s\u0131n\u0131rl\u0131 say\u0131daki doktorlar\u0131 dahil t\u00fcm sa\u011fl\u0131k personelinin yak\u0131n gelecekte yeti\u015ftirilmesi, gerekli ara\u015ft\u0131rma ve geli\u015ftirme laboratuvarlar\u0131n\u0131n kurulmas\u0131 ve tam te\u015fekk\u00fcll\u00fc hastanelerin in\u015fa edilip hizmete girmesiyle bu k\u0131ta, sadece sa\u011fl\u0131k turizminin ba\u015fka k\u0131talara tedavi i\u00e7in giden pasif taraf\u0131 de\u011fil, bizzat iklim \u015fartlar\u0131n\u0131n da verece\u011fi rahatl\u0131ktaki tedavi merkezleriyle de cazibe merkezlerine kavu\u015fabilecek.<\/span><\/p>  <p><span class=\"large\"><strong>T\u00dcRK\u0130YE KITAYA \u0130LHAM VER\u0130YOR<\/strong><\/span><\/p>  <p><span class=\"large\">Covid-19, Afrika \u00fclkelerinin sadece ila\u00e7 de\u011fil, bir\u00e7ok yard\u0131mc\u0131 malzemeleri bile ithal etmeleri y\u00fcz\u00fcnden maske ve s\u0131v\u0131 koruyucu maddeler dahil \u00e7e\u015fitli maddeleri teminde s\u0131k\u0131nt\u0131 \u00e7ekmelerine sebep oldu. Bunlar\u0131n \u00f6nemli bir k\u0131sm\u0131n\u0131 kendilerinin \u00fcretebileceklerini g\u00f6rd\u00fcler. T\u00fcrkiye\u2019nin salg\u0131n\u0131n ilk aylar\u0131nda di\u011fer k\u0131ta \u00fclkelerine oldu\u011fu gibi Afrika\u2019ya g\u00f6t\u00fcrd\u00fc\u011f\u00fc acil yard\u0131mlarla, \u00fclkelerin al\u0131\u015fageldikleri uluslararas\u0131 b\u00fcy\u00fck ila\u00e7 firmalar\u0131n\u0131n a\u015f\u0131lmas\u0131 g\u00fc\u00e7 duvarlar\u0131n\u0131n a\u015f\u0131labilece\u011fini g\u00f6rd\u00fcler. Hatta k\u0131tada pazarlanan baz\u0131 ila\u00e7lar\u0131n uzun y\u0131llar \u00fclkemizde bu firmalarca \u00fcretilip pazarland\u0131\u011f\u0131na \u015fahit olduk. Yak\u0131n gelecekte ila\u00e7 sanayimizin tecr\u00fcbelerini bu k\u0131tadaki yat\u0131r\u0131mc\u0131larla payla\u015fmalar\u0131 m\u00fcmk\u00fcn hale geldi.<\/span><\/p>  \t\t\t\t","slug":"afrikada-ilacin-yuzde-99u-ithal","orjinalimage":null,"news_cover_min":null,"news_cover":null,"news_video_min":null,"news_video":null,"cropped_638x552":null,"cropped_310x208":null,"cropped_416x247":null,"cropped_197x247":null,"cropped_416x600":null,"cropped_1200x675":null,"tags":"K\u00f6\u015fe Yaz\u0131s\u0131","meta_title":"Afrika\u2019da ilac\u0131n y\u00fczde 99\u2019u ithal","meta_description":"Prof. Dr. Ahmet Kavas","meta_keywords":"K\u00f6\u015fe Yaz\u0131s\u0131","view_count":1106,"yt":0,"ytid":"","ytimage":null,"imgdate":"2000-01-01 00:00:00","cuff_cover":null,"cropped_358x214":null,"cropped_842x474":null}]}}